{"id":9764,"date":"2023-10-29T07:35:47","date_gmt":"2023-10-29T06:35:47","guid":{"rendered":"https:\/\/www.knap.hr\/centar\/?p=9764"},"modified":"2023-11-03T16:23:37","modified_gmt":"2023-11-03T15:23:37","slug":"music-mission-vision-kamus-quartet-24-11-2023-u-19-30koncertna-dvorana-kazalisna-dvorana","status":"publish","type":"post","link":"https:\/\/www.knap.hr\/centar\/music-mission-vision-kamus-quartet-24-11-2023-u-19-30koncertna-dvorana-kazalisna-dvorana\/","title":{"rendered":"MUSIC \u2013 MISSION \u2013 VISION <br>KAMUS QUARTET <br>24. 11. 2023. u 19.30<br>Kazali\u0161na dvorana"},"content":{"rendered":"[vc_row type=&#8221;in_container&#8221; full_screen_row_position=&#8221;middle&#8221; column_margin=&#8221;default&#8221; column_direction=&#8221;default&#8221; column_direction_tablet=&#8221;default&#8221; column_direction_phone=&#8221;default&#8221; scene_position=&#8221;center&#8221; text_color=&#8221;dark&#8221; text_align=&#8221;left&#8221; row_border_radius=&#8221;none&#8221; row_border_radius_applies=&#8221;bg&#8221; overflow=&#8221;visible&#8221; overlay_strength=&#8221;0.3&#8243; gradient_direction=&#8221;left_to_right&#8221; shape_divider_position=&#8221;bottom&#8221; bg_image_animation=&#8221;none&#8221; shape_type=&#8221;&#8221;][vc_column column_padding=&#8221;no-extra-padding&#8221; column_padding_tablet=&#8221;inherit&#8221; column_padding_phone=&#8221;inherit&#8221; column_padding_position=&#8221;all&#8221; column_element_direction_desktop=&#8221;default&#8221; column_element_spacing=&#8221;default&#8221; desktop_text_alignment=&#8221;default&#8221; tablet_text_alignment=&#8221;default&#8221; phone_text_alignment=&#8221;default&#8221; background_color_opacity=&#8221;1&#8243; background_hover_color_opacity=&#8221;1&#8243; column_backdrop_filter=&#8221;none&#8221; column_shadow=&#8221;none&#8221; column_border_radius=&#8221;none&#8221; column_link_target=&#8221;_self&#8221; column_position=&#8221;default&#8221; gradient_direction=&#8221;left_to_right&#8221; overlay_strength=&#8221;0.3&#8243; width=&#8221;1\/1&#8243; tablet_width_inherit=&#8221;default&#8221; animation_type=&#8221;default&#8221; bg_image_animation=&#8221;none&#8221; border_type=&#8221;simple&#8221; column_border_width=&#8221;none&#8221; column_border_style=&#8221;solid&#8221;][vc_column_text]<strong>Petak, 24. studenoga 2023. u 19.30<br \/>\n<\/strong><strong>Kazali\u0161na dvorana Centra Knap<\/strong><\/p>\n<p><strong>Petak, 24. studenoga 2023. u 19.30<br \/>\n<\/strong><strong>Kazali\u0161na dvorana<\/strong><strong>\u00a0<\/strong><\/p>\n<p><strong>KAMUS QUARTET <\/strong>(Finska)<br \/>\nTerhi Paldanius, violina<br \/>\nJukka Untamala, violina<br \/>\nJussi Tuhkanen, viola<br \/>\nPetja Kainulainen, violon\u010delo<\/p>\n<p><strong>Lotta Wenn\u00e4koski: <em>Flickereth<\/em><\/strong><\/p>\n<p><em>1. Eteislepatus (Atrial Flutter)<br \/>\n<\/em><em>2. \u201d \u2014 lepattanut mastosta irrallaan, \/ riekaleina noussut pilviin \/ ja kaivannut \u2013\u201d (P. Saarikoski: Laulu ika\u0308va\u0308sta\u0308 merella\u0308)<br \/>\n<\/em><em>3. Voleter<\/em><\/p>\n<p><strong>Outi Tarkiainen: <em>Trois po\u00e8mes<br \/>\n<\/em><\/strong><em>Vision<br \/>\n<\/em><em>D\u00e9sir<br \/>\n<\/em><em>D\u00e9pendance<\/em><\/p>\n<p><strong>Caroline Shaw: <em>The Evergreen<br \/>\n<\/em><\/strong><em>Moss<br \/>\n<\/em><em>Stem<br \/>\n<\/em><em>Water<br \/>\n<\/em><em>Root<\/em><\/p>\n<p><strong>Kaija Saariaho: Guda\u010dki kvartet <em>Terra Memoria<\/em><\/strong><\/p>\n<p><strong>Kamus Quartet<\/strong> jedan je od najcjenjenijih nordijskih ansambala koji publiku zadivljuje sna\u017enim i osebujnim izri\u010dajem. Tijekom dvadeset godina djelovanja postao je nadaleko poznat po svestranom biranju programa, otvorenom stavu i majstorskom vladanju razli\u010ditim stilovima izvedbe, od rane klasi\u010dne do najnovije suvremene glazbe. Tijekom posljednjih godina kvartet je bio na turnejama po Meksiku, Velikoj Britaniji, Belgiji, \u0160vedskoj i Nizozemskoj, uklju\u010duju\u0107i zapam\u0107eni prvi nastup u Concertgebouwu u Amsterdamu. Kamusove snimke hvali me\u0111unarodna kritika; ovjen\u010dane su nagradom <em>EMMA<\/em> za najbolju snimku klasi\u010dne glazbe u Finskoj i nagradom za najbolji album klasi\u010dne glazbe Finske nacionalne radiotelevizije. Kao aktivni sudionik finskog glazbenog \u017eivota, guda\u010dki kvartet Kamus razvio je nove na\u010dine predstavljanja komorne glazbe hvaljenim ciklusom koncerata <em>TeemaHelsinki<\/em>, tra\u017ee\u0107i nove urbane prostore za klasi\u010dnu glazbu te isti\u010du\u0107i vezu izme\u0111u glazbe i okolnog prostora. Tako\u0111er, pokreta\u010d je projekta za pomo\u0107 u oboga\u0107ivanju glazbenog \u017eivota ruralnih dijelova Finske. \u010clanovi kvarteta umjetni\u010dki su direktori me\u0111unarodno priznatog i nagra\u0111ivanog festivala <em>Meid\u00e4n<\/em>.<\/p>\n<p>Finska skladateljica <strong>Lotta Wenn\u00e4koski <\/strong>(1970.) djeluje iz Helsinkija te stvara opus orkestralnih, komornih i vokalnih djela koja se izvode diljem svijeta. Skladba <strong><em>Flickereth <\/em><\/strong>(<em>Treperi<\/em>) nastala je 2023. godine na narud\u017ebu kvarteta Kamus i uz potporu Zaklade <em>Alfred Kordelin<\/em>. Kvartet Kamus ju je praizveo 23. lipnja ove godine na festivalu <em>Meid\u00e4n. <\/em>Kako naslov sugerira, rije\u010d je o treperavom zvu\u010dnom eseju podijeljenom u tri stavka, u kojima skladateljica osim tradicionalnih guda\u010dkih tehnika, uvodi i zvukove proizvedene razli\u010ditim &#8216;neglazbenim&#8217; predmetima. Naslov uvodnog stavka, <em>Eteislepatus\u00a0(Atrial Flutter \/ Atrijska trahikardija) <\/em>odnosi se na vrstu sr\u010dane aritmije pri kojoj srce kuca prebrzo, ali obi\u010dno u pravilnom ritmu. U glazbeni jezik to je prevedeno u\u017eurbanim odsjecima prozra\u010dnih figuracija, meke dinamike i tremola. Drugi stavak preuzima stihove iz <em>Pjesme o \u010de\u017enji na moru<\/em> Penttija Saarikoskog: \u201e- odlepr\u0161ao s jarbola, \/ poletio u nebo kao tetrijeb, \/ i \u017eudio&#8230;\u201c. Stoga je stavak ispunjen suptilnom naznakom \u010de\u017enje, lepr\u0161avim, ali i izdr\u017eanim, pjevnim progresijama. U skladu s idejom treperenja odnosno lepr\u0161anja, zavr\u0161ni stavak <em>Voleter <\/em>(<em>Lepr\u0161ati<\/em>) razvija se kroz svjetlucave zvu\u010dne teksture rastu\u0107eg intenziteta, koje nestaju u umiruju\u0107oj ti\u0161ini.<\/p>\n<p>Jedna od najistaknutijih finskih skladateljica suvremene glazbe, <strong>Kaija Saariaho <\/strong>(1952. \u2013 2023.) preminula je u Parizu, gdje je djelovala od 1982., 2. lipnja ove godine. Svoj drugi, <strong>Guda\u010dki kvartet <em>Terra Memoria <\/em><\/strong>skladala je 2006. godine na narud\u017ebu Visoke glazbene \u0161kole kraljice Sofije u Madridu. \u201eSkladba je posve\u0107ena &#8216;onima koji su oti\u0161li&#8217;. Evo nekih misli o tome: nastavljamo se sje\u0107ati ljudi koji nisu vi\u0161e s nama; materijal \u2013 njihov \u017eivot \u2013 je &#8216;dovr\u0161en&#8217;, nema se vi\u0161e \u0161to za dodati. Mi koji smo ostali stalno se sje\u0107amo na\u0161ih zajedni\u010dkih iskustava: na\u0161i osje\u0107aji nastavljaju se mijenjati ovisno o razli\u010ditim aspektima njihove osobnosti, odre\u0111ene uspomene progone nas u snovima. \u010cak i nakon puno godina, neke se uspomene mijenjaju, a neke ostaju jasni bljeskovi ne\u010dega \u0161to mo\u017eemo ponovno pro\u017eivjeti. Te misli su me dovele do tretiranja glazbenog materijala na odre\u0111eni na\u010din: neki aspekti prolaze kroz osobite promjene, dok neki ostaju gotovo netaknuti, jasno prepoznatljivi. Naslov <em>Terra Memoria<\/em> sadr\u017ei dvije rije\u010di pune asocijacija: na zemlju i na sje\u0107anje. Ovdje zemlja predstavlja moj materijal, a sje\u0107anje na\u010din na koji radim s njime.\u201c (K. Saariaho)<\/p>\n<p>Ameri\u010dka glazbenica <strong>Caroline Shaw<\/strong> (1982.) djeluje kao producentica, skladateljica, violinistica i pjeva\u010dica. Dobitnica je Pulitzerove nagrade za glazbu 2013. te nekoliko nagrada <em>Grammy<\/em>. Godine 2019. udru\u017eila se s kvartetom Attacca na albumu <em>Orange<\/em>. Njihov drugi zajedni\u010dki projekt, album <em>Evergreen<\/em>, objavljen je 2022. za etiketu <em>Nonesuch<\/em>, a posve\u0107en je istra\u017eivanju odnosa suvremene klasi\u010dne glazbe s jezikom, narativom i prirodom. Naslovna skladba, guda\u010dki kvartet <strong><em>The Evergreen<\/em><\/strong>, kroz svoja \u010detiri stavka predstavlja \u010detiri slike prirode, pokazuju\u0107i kako glazba mo\u017ee biti opisna kao i literatura. Prvi stavak, <em>Moss<\/em> (<em>Mahovina<\/em>), u skladu sa strukturom koju predstavlja, donosi lepr\u0161ave fla\u017eolete koji lelujaju &#8216;povr\u0161inom&#8217; rijetko se razvijaju\u0107i u dublji, \u010dvr\u0161\u0107i zvuk. Nasuprot tome, posljednji stavak, <em>Root<\/em> (<em>Korijen<\/em>) od po\u010detka ima nepogre\u0161ivo melodijsko &#8216;uzemljenje&#8217; koje se dalje grana. Izme\u0111u ta dva stavka nalaze se <em>Stem<\/em> (<em>Stabljika<\/em>) \u010diji brzi protok i pitka suzvu\u010dja \u010detiriju instrumenata svjedo\u010de o \u017eivotnoj energiji, te <em>Water<\/em> (<em>Voda<\/em>) \u010dije najprije nje\u017ene, a potom sve intenzivnije <em>pizzicato<\/em> pasa\u017ee podsje\u0107aju na kapi ki\u0161e.<\/p>\n<p>Finska skladateljica <strong>Outi Tarkiainen <\/strong>(1985.) ro\u0111ena je i odrasla u Rovaniemiju u Laponiji \u0161to je stalni izvor njezina nadahnu\u0107a. Njezina glazba odra\u017eava svijet oko nje. <strong><em>Trois po\u00e8mes <\/em><\/strong>(<em>Tri pjesme<\/em>) skladala je 2013. na narud\u017ebu kvarteta Kamus uz potporu Zaklade <em>Madetoja<\/em>, a praizvedene su na festivalu <em>Meid\u00e4n<\/em>. Rije\u010d je o vizualno evokativnoj trilogiji punoj \u017eivopisnih trenutaka, koja se dijelom temelji na skladatelji\u010dinom ranijem ciklusu Baudelaireovih pjesama (2009.-13.) u kojima je uglazbila tri pjesme iz zbirke <em>Cvjetovi zla<\/em> za sopran i klavir. U slu\u010daju <em>Trois po\u00e8mes <\/em>za guda\u010dki kvartet, suzdr\u017eanost nje\u017enih i senzualnih nijansi prvih dvaju stavaka (<em>Vizija, \u017delja<\/em>), osloba\u0111a se u burnom, <em>appasionato<\/em>, tre\u0107em stavku (<em>Ovisnost<\/em>).[\/vc_column_text][\/vc_column][\/vc_row][vc_row type=&#8221;in_container&#8221; full_screen_row_position=&#8221;middle&#8221; column_margin=&#8221;default&#8221; column_direction=&#8221;default&#8221; column_direction_tablet=&#8221;default&#8221; column_direction_phone=&#8221;default&#8221; scene_position=&#8221;center&#8221; top_padding=&#8221;10&#8243; text_color=&#8221;dark&#8221; text_align=&#8221;left&#8221; row_border_radius=&#8221;none&#8221; row_border_radius_applies=&#8221;bg&#8221; overflow=&#8221;visible&#8221; overlay_strength=&#8221;0.3&#8243; gradient_direction=&#8221;left_to_right&#8221; shape_divider_position=&#8221;bottom&#8221; bg_image_animation=&#8221;none&#8221; gradient_type=&#8221;default&#8221; shape_type=&#8221;&#8221;][vc_column column_padding=&#8221;no-extra-padding&#8221; column_padding_tablet=&#8221;inherit&#8221; column_padding_phone=&#8221;inherit&#8221; column_padding_position=&#8221;all&#8221; column_element_direction_desktop=&#8221;default&#8221; column_element_spacing=&#8221;default&#8221; desktop_text_alignment=&#8221;default&#8221; tablet_text_alignment=&#8221;default&#8221; phone_text_alignment=&#8221;default&#8221; background_color_opacity=&#8221;1&#8243; background_hover_color_opacity=&#8221;1&#8243; column_backdrop_filter=&#8221;none&#8221; column_shadow=&#8221;none&#8221; column_border_radius=&#8221;none&#8221; column_link_target=&#8221;_self&#8221; column_position=&#8221;default&#8221; gradient_direction=&#8221;left_to_right&#8221; overlay_strength=&#8221;0.3&#8243; width=&#8221;1\/1&#8243; tablet_width_inherit=&#8221;default&#8221; animation_type=&#8221;default&#8221; bg_image_animation=&#8221;none&#8221; border_type=&#8221;simple&#8221; column_border_width=&#8221;none&#8221; column_border_style=&#8221;solid&#8221;][image_with_animation image_url=&#8221;9758&#8243; image_size=&#8221;full&#8221; animation_type=&#8221;entrance&#8221; animation=&#8221;None&#8221; animation_movement_type=&#8221;transform_y&#8221; hover_animation=&#8221;none&#8221; alignment=&#8221;center&#8221; border_radius=&#8221;none&#8221; box_shadow=&#8221;none&#8221; image_loading=&#8221;default&#8221; max_width=&#8221;100%&#8221; max_width_mobile=&#8221;default&#8221;][divider line_type=&#8221;No Line&#8221; custom_height=&#8221;1&#8243; custom_height_tablet=&#8221;10&#8243; custom_height_phone=&#8221;20&#8243;][vc_column_text css=&#8221;.vc_custom_1699025016060{margin-right: 20px !important;}&#8221;]\n<p style=\"text-align: right;\">Photo: Maarit Kyt\u00f6harju<\/p>\n[\/vc_column_text][\/vc_column][\/vc_row]\n","protected":false},"excerpt":{"rendered":"<p>[vc_row type=&#8221;in_container&#8221; full_screen_row_position=&#8221;middle&#8221; column_margin=&#8221;default&#8221; column_direction=&#8221;default&#8221; column_direction_tablet=&#8221;default&#8221; column_direction_phone=&#8221;default&#8221; scene_position=&#8221;center&#8221; text_color=&#8221;dark&#8221; text_align=&#8221;left&#8221; row_border_radius=&#8221;none&#8221; row_border_radius_applies=&#8221;bg&#8221; overflow=&#8221;visible&#8221; overlay_strength=&#8221;0.3&#8243; gradient_direction=&#8221;left_to_right&#8221;&#8230;<\/p>\n","protected":false},"author":1,"featured_media":9774,"comment_status":"closed","ping_status":"closed","sticky":false,"template":"","format":"standard","meta":{"footnotes":""},"categories":[54,63],"tags":[],"class_list":{"0":"post-9764","1":"post","2":"type-post","3":"status-publish","4":"format-standard","5":"has-post-thumbnail","7":"category-koncerti","8":"category-music-mission-vision"},"_links":{"self":[{"href":"https:\/\/www.knap.hr\/centar\/wp-json\/wp\/v2\/posts\/9764","targetHints":{"allow":["GET"]}}],"collection":[{"href":"https:\/\/www.knap.hr\/centar\/wp-json\/wp\/v2\/posts"}],"about":[{"href":"https:\/\/www.knap.hr\/centar\/wp-json\/wp\/v2\/types\/post"}],"author":[{"embeddable":true,"href":"https:\/\/www.knap.hr\/centar\/wp-json\/wp\/v2\/users\/1"}],"replies":[{"embeddable":true,"href":"https:\/\/www.knap.hr\/centar\/wp-json\/wp\/v2\/comments?post=9764"}],"version-history":[{"count":4,"href":"https:\/\/www.knap.hr\/centar\/wp-json\/wp\/v2\/posts\/9764\/revisions"}],"predecessor-version":[{"id":9803,"href":"https:\/\/www.knap.hr\/centar\/wp-json\/wp\/v2\/posts\/9764\/revisions\/9803"}],"wp:featuredmedia":[{"embeddable":true,"href":"https:\/\/www.knap.hr\/centar\/wp-json\/wp\/v2\/media\/9774"}],"wp:attachment":[{"href":"https:\/\/www.knap.hr\/centar\/wp-json\/wp\/v2\/media?parent=9764"}],"wp:term":[{"taxonomy":"category","embeddable":true,"href":"https:\/\/www.knap.hr\/centar\/wp-json\/wp\/v2\/categories?post=9764"},{"taxonomy":"post_tag","embeddable":true,"href":"https:\/\/www.knap.hr\/centar\/wp-json\/wp\/v2\/tags?post=9764"}],"curies":[{"name":"wp","href":"https:\/\/api.w.org\/{rel}","templated":true}]}}