{"id":9054,"date":"2023-05-25T14:07:48","date_gmt":"2023-05-25T12:07:48","guid":{"rendered":"https:\/\/www.knap.hr\/centar\/?p=9054"},"modified":"2023-05-25T15:22:26","modified_gmt":"2023-05-25T13:22:26","slug":"centar-kulture-na-pescenici-obiljezava-dan-grada-zagreba","status":"publish","type":"post","link":"https:\/\/www.knap.hr\/centar\/centar-kulture-na-pescenici-obiljezava-dan-grada-zagreba\/","title":{"rendered":"CENTAR KULTURE NA PE\u0160\u010cENICI OBILJE\u017dAVA DAN GRADA ZAGREBA!"},"content":{"rendered":"[vc_row type=&#8221;in_container&#8221; full_screen_row_position=&#8221;middle&#8221; column_margin=&#8221;default&#8221; column_direction=&#8221;default&#8221; column_direction_tablet=&#8221;default&#8221; column_direction_phone=&#8221;default&#8221; scene_position=&#8221;center&#8221; text_color=&#8221;dark&#8221; text_align=&#8221;left&#8221; row_border_radius=&#8221;none&#8221; row_border_radius_applies=&#8221;bg&#8221; overflow=&#8221;visible&#8221; overlay_strength=&#8221;0.3&#8243; gradient_direction=&#8221;left_to_right&#8221; shape_divider_position=&#8221;bottom&#8221; bg_image_animation=&#8221;none&#8221;][vc_column column_padding=&#8221;no-extra-padding&#8221; column_padding_tablet=&#8221;inherit&#8221; column_padding_phone=&#8221;inherit&#8221; column_padding_position=&#8221;all&#8221; column_element_direction_desktop=&#8221;default&#8221; column_element_spacing=&#8221;default&#8221; desktop_text_alignment=&#8221;default&#8221; tablet_text_alignment=&#8221;default&#8221; phone_text_alignment=&#8221;default&#8221; background_color_opacity=&#8221;1&#8243; background_hover_color_opacity=&#8221;1&#8243; column_backdrop_filter=&#8221;none&#8221; column_shadow=&#8221;none&#8221; column_border_radius=&#8221;none&#8221; column_link_target=&#8221;_self&#8221; column_position=&#8221;default&#8221; gradient_direction=&#8221;left_to_right&#8221; overlay_strength=&#8221;0.3&#8243; width=&#8221;1\/1&#8243; tablet_width_inherit=&#8221;default&#8221; animation_type=&#8221;default&#8221; bg_image_animation=&#8221;none&#8221; border_type=&#8221;simple&#8221; column_border_width=&#8221;none&#8221; column_border_style=&#8221;solid&#8221;][image_with_animation image_url=&#8221;9055&#8243; image_size=&#8221;full&#8221; animation_type=&#8221;entrance&#8221; animation=&#8221;Fade In&#8221; animation_easing=&#8221;default&#8221; animation_movement_type=&#8221;transform_y&#8221; hover_animation=&#8221;none&#8221; alignment=&#8221;&#8221; img_link_large=&#8221;yes&#8221; border_radius=&#8221;none&#8221; box_shadow=&#8221;none&#8221; image_loading=&#8221;default&#8221; max_width=&#8221;100%&#8221; max_width_mobile=&#8221;default&#8221;][divider line_type=&#8221;No Line&#8221; custom_height=&#8221;30&#8243;][vc_column_text]31. svibnja i Centar kulture na Pe\u0161\u010denici pridru\u017eit \u0107e se sve\u010danom obilje\u017eavanju Dan grada Zagreba sa zanimljivim i raznolikim programom koji \u0107e se odr\u017eati u Atriju Centra Knap i Galeriji Doga\u0111anja.<\/p>\n<p>Ulaz je slobodan!<\/p>\n<p>Program obilje\u017eavanja Dana grada Zagreba u Centru Knap:<\/p>\n<ul>\n<li>Izlo\u017eba <em>Urbani vremeplov <\/em><\/li>\n<li>17:30h \u2013 Pri\u010da o Zagorki i kreativna radionica<\/li>\n<li>19:00h \u2013 Sve\u010dano otkrivanje biste Zlatka Balokovi\u0107a povodom 50. obljetnice djelovanja Glazbene \u0161kole Z. Balokovi\u0107a i 125. godi\u0161njice ro\u0111enja istaknutog hrvatskog glazbenog umjetnika<\/li>\n<li>20:00h \u2013 Slu\u0161aonica <em>Mr Morgen<\/em><\/li>\n<\/ul>\n[\/vc_column_text][\/vc_column][\/vc_row][vc_row type=&#8221;in_container&#8221; full_screen_row_position=&#8221;middle&#8221; column_margin=&#8221;80px&#8221; column_direction=&#8221;default&#8221; column_direction_tablet=&#8221;default&#8221; column_direction_phone=&#8221;default&#8221; scene_position=&#8221;center&#8221; top_padding=&#8221;2%&#8221; constrain_group_2=&#8221;yes&#8221; constrain_group_4=&#8221;yes&#8221; constrain_group_6=&#8221;yes&#8221; translate_y=&#8221;-60&#8243; text_color=&#8221;dark&#8221; text_align=&#8221;left&#8221; row_border_radius=&#8221;none&#8221; row_border_radius_applies=&#8221;bg&#8221; overflow=&#8221;visible&#8221; overlay_strength=&#8221;1&#8243; gradient_direction=&#8221;left_to_right&#8221; shape_divider_position=&#8221;bottom&#8221; bg_image_animation=&#8221;none&#8221; shape_type=&#8221;&#8221; gradient_type=&#8221;default&#8221;][vc_column column_padding=&#8221;no-extra-padding&#8221; column_padding_tablet=&#8221;inherit&#8221; column_padding_phone=&#8221;inherit&#8221; column_padding_position=&#8221;bottom&#8221; column_element_direction_desktop=&#8221;default&#8221; column_element_spacing=&#8221;default&#8221; desktop_text_alignment=&#8221;default&#8221; tablet_text_alignment=&#8221;default&#8221; phone_text_alignment=&#8221;default&#8221; background_color_opacity=&#8221;1&#8243; background_hover_color_opacity=&#8221;1&#8243; column_backdrop_filter=&#8221;none&#8221; column_shadow=&#8221;none&#8221; column_border_radius=&#8221;none&#8221; column_link_target=&#8221;_self&#8221; column_position=&#8221;default&#8221; gradient_direction=&#8221;left_to_right&#8221; overlay_strength=&#8221;0.3&#8243; width=&#8221;1\/1&#8243; tablet_width_inherit=&#8221;default&#8221; animation_type=&#8221;default&#8221; bg_image_animation=&#8221;none&#8221; border_type=&#8221;simple&#8221; column_border_width=&#8221;none&#8221; column_border_style=&#8221;solid&#8221; column_padding_type=&#8221;default&#8221; gradient_type=&#8221;default&#8221;][toggles style=&#8221;minimal&#8221;][toggle color=&#8221;Default&#8221; heading_tag=&#8221;default&#8221; heading_tag_functionality=&#8221;default&#8221; title=&#8221;Vi\u0161e&#8221;][vc_column_text css_animation=&#8221;none&#8221; css=&#8221;.vc_custom_1685020867501{margin-top: 15px !important;}&#8221;]\n<p style=\"font-weight: 400;\">Centar Knap se u srijedu 31. svibnja pridru\u017euje obilje\u017eavanju Dana grada Zagreba. Program po\u010dinje u 17.30h\u00a0 kreativnom radionicom za djecu\u00a0<em>Zagorkina pri\u010da<\/em>\u00a0tijekom koje \u0107e najmla\u0111i posjetitelji imati priliku istra\u017eiti \u017eivot jedne od najve\u0107ih spisateljica na\u0161ega grada, ali i saznati kako je Zagreb izgledao nekad.<\/p>\n<p style=\"font-weight: 400;\">U Galeriji Doga\u0111anja mo\u0107i \u0107e se pogledati izlo\u017eba Urbani vremeplov,\u00a0 iz arhiva Centra Knap, o \u017eivotu i doga\u0111ajima iz pro\u0161losti na\u0161eg kvarta.<\/p>\n<p style=\"font-weight: 400;\">U 19h slijedi sve\u010dano otvaranje biste Zlatka Balokovi\u0107a (autora Antuna Augustin\u010di\u0107a) povodom 50 godina glazbene \u0161kole Balokovi\u0107 i 125 godina ro\u0111enje Z. Balokovi\u0107a, jednog od najve\u0107ih glazbenih virtuoza koji je bio vezan za grad i njegov glazbeni razvoj, a sje\u0107anje na ovog sjajnog umjetnika i glazbenog reformatora uveli\u010dat \u0107e, uz brojne umjetnike i operna pjeva\u010dica Arijana Gigliani Philipp te glumac Rade \u0160erbed\u017eija.<\/p>\n<p style=\"font-weight: 400;\">U 20.30h program se nastavlja slu\u0161aonicom Mr.Morgen,\u00a0 vremeplov starih zagreba\u010dkih \u0161lagera od \u010duvenog Ive Robi\u0107a, koji je prilikom svojih boravaka u Zagrebu stanovao na Pe\u0161\u010denici, do mnogih drugih zagreba\u010dkih \u0161ansonjera, \u010dije su pjesme upisane u povijest na\u0161eg grada.<\/p>\n[\/vc_column_text][\/toggle][\/toggles][\/vc_column][\/vc_row]\n","protected":false},"excerpt":{"rendered":"<p>31. svibnja i Centar kulture na Pe\u0161\u010denici pridru\u017eit \u0107e se sve\u010danom obilje\u017eavanju Dan grada Zagreba sa zanimljivim i raznolikim programom koji \u0107e se odr\u017eati u Atriju Centra Knap i Galeriji Doga\u0111anja&#8230;<\/p>\n","protected":false},"author":1,"featured_media":9055,"comment_status":"closed","ping_status":"closed","sticky":false,"template":"","format":"standard","meta":{"footnotes":""},"categories":[45],"tags":[],"class_list":{"0":"post-9054","1":"post","2":"type-post","3":"status-publish","4":"format-standard","5":"has-post-thumbnail","7":"category-novosti-rubrika"},"_links":{"self":[{"href":"https:\/\/www.knap.hr\/centar\/wp-json\/wp\/v2\/posts\/9054","targetHints":{"allow":["GET"]}}],"collection":[{"href":"https:\/\/www.knap.hr\/centar\/wp-json\/wp\/v2\/posts"}],"about":[{"href":"https:\/\/www.knap.hr\/centar\/wp-json\/wp\/v2\/types\/post"}],"author":[{"embeddable":true,"href":"https:\/\/www.knap.hr\/centar\/wp-json\/wp\/v2\/users\/1"}],"replies":[{"embeddable":true,"href":"https:\/\/www.knap.hr\/centar\/wp-json\/wp\/v2\/comments?post=9054"}],"version-history":[{"count":9,"href":"https:\/\/www.knap.hr\/centar\/wp-json\/wp\/v2\/posts\/9054\/revisions"}],"predecessor-version":[{"id":9064,"href":"https:\/\/www.knap.hr\/centar\/wp-json\/wp\/v2\/posts\/9054\/revisions\/9064"}],"wp:featuredmedia":[{"embeddable":true,"href":"https:\/\/www.knap.hr\/centar\/wp-json\/wp\/v2\/media\/9055"}],"wp:attachment":[{"href":"https:\/\/www.knap.hr\/centar\/wp-json\/wp\/v2\/media?parent=9054"}],"wp:term":[{"taxonomy":"category","embeddable":true,"href":"https:\/\/www.knap.hr\/centar\/wp-json\/wp\/v2\/categories?post=9054"},{"taxonomy":"post_tag","embeddable":true,"href":"https:\/\/www.knap.hr\/centar\/wp-json\/wp\/v2\/tags?post=9054"}],"curies":[{"name":"wp","href":"https:\/\/api.w.org\/{rel}","templated":true}]}}