{"id":8908,"date":"2023-05-03T18:14:19","date_gmt":"2023-05-03T16:14:19","guid":{"rendered":"https:\/\/www.knap.hr\/centar\/?p=8908"},"modified":"2023-05-03T18:15:29","modified_gmt":"2023-05-03T16:15:29","slug":"radionica-analogne-fotografije-u-centru-knap","status":"publish","type":"post","link":"https:\/\/www.knap.hr\/centar\/radionica-analogne-fotografije-u-centru-knap\/","title":{"rendered":"RADIONICA ANALOGNE FOTOGRAFIJE U CENTRU KNAP"},"content":{"rendered":"[vc_row type=&#8221;in_container&#8221; full_screen_row_position=&#8221;middle&#8221; column_margin=&#8221;default&#8221; column_direction=&#8221;default&#8221; column_direction_tablet=&#8221;default&#8221; column_direction_phone=&#8221;default&#8221; scene_position=&#8221;center&#8221; text_color=&#8221;dark&#8221; text_align=&#8221;left&#8221; row_border_radius=&#8221;none&#8221; row_border_radius_applies=&#8221;bg&#8221; overflow=&#8221;visible&#8221; overlay_strength=&#8221;0.3&#8243; gradient_direction=&#8221;left_to_right&#8221; shape_divider_position=&#8221;bottom&#8221; bg_image_animation=&#8221;none&#8221;][vc_column column_padding=&#8221;no-extra-padding&#8221; column_padding_tablet=&#8221;inherit&#8221; column_padding_phone=&#8221;inherit&#8221; column_padding_position=&#8221;all&#8221; column_element_direction_desktop=&#8221;default&#8221; column_element_spacing=&#8221;default&#8221; desktop_text_alignment=&#8221;default&#8221; tablet_text_alignment=&#8221;default&#8221; phone_text_alignment=&#8221;default&#8221; background_color_opacity=&#8221;1&#8243; background_hover_color_opacity=&#8221;1&#8243; column_backdrop_filter=&#8221;none&#8221; column_shadow=&#8221;none&#8221; column_border_radius=&#8221;none&#8221; column_link_target=&#8221;_self&#8221; column_position=&#8221;default&#8221; gradient_direction=&#8221;left_to_right&#8221; overlay_strength=&#8221;0.3&#8243; width=&#8221;1\/1&#8243; tablet_width_inherit=&#8221;default&#8221; animation_type=&#8221;default&#8221; bg_image_animation=&#8221;none&#8221; border_type=&#8221;simple&#8221; column_border_width=&#8221;none&#8221; column_border_style=&#8221;solid&#8221;][image_with_animation image_url=&#8221;8909&#8243; image_size=&#8221;full&#8221; animation_type=&#8221;entrance&#8221; animation=&#8221;Fade In&#8221; animation_easing=&#8221;default&#8221; animation_movement_type=&#8221;transform_y&#8221; hover_animation=&#8221;none&#8221; alignment=&#8221;&#8221; border_radius=&#8221;none&#8221; box_shadow=&#8221;none&#8221; image_loading=&#8221;default&#8221; max_width=&#8221;100%&#8221; max_width_mobile=&#8221;default&#8221;][vc_column_text]Centar Knap u svibnju i lipnju organizira radionicu analogne fotografije za 35 milimetarski film. Radionica traje \u0161est termina, od 17. svibnja do 7. lipnja.<\/p>\n<p>Prijavite se i otkrijte ve\u0107 pomalo zaboravljene \u010dari koje pru\u017ea analogna fotografija.<\/p>\n<p>Ako imate stari analogni fotoaparat koji skuplja pra\u0161inu u nekoj dubokoj ladici ili ga neuspje\u0161no poku\u0161avate prodati na nju\u0161kalu, izvucite ga iz zaborava, jer jo\u0161 uvijek postoji mogu\u0107nost ubaciti rolu filma i s aparatom na ramenu zaputiti se u proljetnu foto avanturu.<\/p>\n<p>Radionice su namjenjene osobama koje \u017eele nau\u010diti fotografirati 35 milimetarskim analognim fotoaparatom te obuhva\u0107aju cjelovit proces, od fotografiranja do razvoja filma (negativa) i u kona\u010dnici izrade fotografija na aparatu za pove\u0107avanje.<\/p>\n<p>Radionica je besplatna, Centar Knap osigurava sav materijal (film, foto papir, kemiju..)<\/p>\n<p>Jedino \u0161to trebate osigurati je vlastiti analogni fotoaparat.<\/p>\n<p>Voditelj radionice je Ivan Vu\u010di\u0107, zaposlenik Centra Knap.<br \/>\nDiplomirao je 2010. godine na Akademiji likovnih umjetnosti u Zagrebu smijer Profesor likovne kulture.<br \/>\nZadnjih desetak godina istra\u017euje analognu fotografiju.<\/p>\n<p><strong>Prijave i upite o programu slati na <\/strong><a href=\"mailto:centar@knap.hr\"><strong>centar@knap.hr<\/strong><\/a><strong> ili na telefon 01\/2303122<\/strong><\/p>\n<p><strong>\u00a0<\/strong><strong>PROGRAM RADIONICE<\/strong><\/p>\n<ol>\n<li><strong>srijeda 17.5.2023. od 19:00 do 20:30\/21:00 (u prostoru Centra)<\/strong><\/li>\n<\/ol>\n<p>Teorijski dio<\/p>\n<p>Razvoj fotografske tehnike \u2013 od camere obscure do filma.<\/p>\n<p>Temelj za razvoj fotografije i fotoaparata nalazimo u cameri obscuri (mra\u010dnoj komori) koja se po\u010dev\u0161i od renesanse po\u010dela intenzivnije razvijati. Koristili su je i mnogi renomirani umjetnici kao pomo\u0107ni alat pri izradi svojih umjetni\u010dkih djela. U 19. Stolje\u0107u dolazi do otkri\u0107a fotografskog filma, a na principu camere obscure se razvijaju prvi fotoaparati te time zapo\u010dinje \u201cera\u201d analogne fotografije.<\/p>\n<p>Na ovom susretu \u0107emo pro\u0107i kroz povijest fotografske tehnike, najbitnije trenutke u njenom razvoju.<\/p>\n<ol start=\"2\">\n<li><strong>srijeda 24.5.2023. od 19:00 do 20:30\/21:00 (u prostoru Centar)<\/strong><\/li>\n<\/ol>\n<p>Teorijski i prakti\u010dni dio &#8211; Fotoaparati objektivi\u00a0 i filmovi<\/p>\n<p>U teoriji i praksi pro\u0107i \u0107emo \u00a0kroz postavke i karakteristike fotoaparata, objekitiva i filmova:<\/p>\n<ul>\n<li>Vrste i tipovi fotoaparata i zatvara\u010da<\/li>\n<li>Brzine zatvara\u010da<\/li>\n<li>Vrste i tipovi objektiva<\/li>\n<li>blenda i \u017eari\u0161na daljina<\/li>\n<li>Karakteristike filmova \u2013 iso vrijednosti<\/li>\n<li>Mjerenje svjetla<\/li>\n<\/ul>\n<p>Pregledati \u0107emo aparate koje ste donjeli te na osnovu njegovih karakteristika dati upute za rukovanje.<\/p>\n<ol start=\"3\">\n<li><strong> subota 27.5.2023. <\/strong><\/li>\n<\/ol>\n<p>Prakti\u010dni dio \u2013 fotografiranje na terenu (lokacija i vrijeme po dogovoru)<\/p>\n<ol start=\"4\">\n<li><strong>srijeda 31.5.2023. od 19:00 do 20:30\/21:00 (u prostoru Centra)<\/strong><\/li>\n<\/ol>\n<p>Demonstracija razvijanja filma i pregledavanje i izbor negativa za izdradu u tamnoj komori<\/p>\n<p><strong>5.\/6. utorak i srijeda\u2013 6. i 7.6. 2023. Od 19:00 d0 20:30\/21:00 (u prostoru Centra)<\/strong><\/p>\n<ul>\n<li>Rad u tamnoj komori<\/li>\n<\/ul>\n<p>Razvijanje fotografija \u2013 finalni produkt radionice[\/vc_column_text][\/vc_column][\/vc_row]\n","protected":false},"excerpt":{"rendered":"<p>[vc_row type=&#8221;in_container&#8221; full_screen_row_position=&#8221;middle&#8221; column_margin=&#8221;default&#8221; column_direction=&#8221;default&#8221; column_direction_tablet=&#8221;default&#8221; column_direction_phone=&#8221;default&#8221; scene_position=&#8221;center&#8221; text_color=&#8221;dark&#8221; text_align=&#8221;left&#8221; row_border_radius=&#8221;none&#8221; row_border_radius_applies=&#8221;bg&#8221; overflow=&#8221;visible&#8221; overlay_strength=&#8221;0.3&#8243; gradient_direction=&#8221;left_to_right&#8221;&#8230;<\/p>\n","protected":false},"author":1,"featured_media":8909,"comment_status":"closed","ping_status":"closed","sticky":false,"template":"","format":"standard","meta":{"footnotes":""},"categories":[45],"tags":[],"class_list":{"0":"post-8908","1":"post","2":"type-post","3":"status-publish","4":"format-standard","5":"has-post-thumbnail","7":"category-novosti-rubrika"},"_links":{"self":[{"href":"https:\/\/www.knap.hr\/centar\/wp-json\/wp\/v2\/posts\/8908","targetHints":{"allow":["GET"]}}],"collection":[{"href":"https:\/\/www.knap.hr\/centar\/wp-json\/wp\/v2\/posts"}],"about":[{"href":"https:\/\/www.knap.hr\/centar\/wp-json\/wp\/v2\/types\/post"}],"author":[{"embeddable":true,"href":"https:\/\/www.knap.hr\/centar\/wp-json\/wp\/v2\/users\/1"}],"replies":[{"embeddable":true,"href":"https:\/\/www.knap.hr\/centar\/wp-json\/wp\/v2\/comments?post=8908"}],"version-history":[{"count":3,"href":"https:\/\/www.knap.hr\/centar\/wp-json\/wp\/v2\/posts\/8908\/revisions"}],"predecessor-version":[{"id":8912,"href":"https:\/\/www.knap.hr\/centar\/wp-json\/wp\/v2\/posts\/8908\/revisions\/8912"}],"wp:featuredmedia":[{"embeddable":true,"href":"https:\/\/www.knap.hr\/centar\/wp-json\/wp\/v2\/media\/8909"}],"wp:attachment":[{"href":"https:\/\/www.knap.hr\/centar\/wp-json\/wp\/v2\/media?parent=8908"}],"wp:term":[{"taxonomy":"category","embeddable":true,"href":"https:\/\/www.knap.hr\/centar\/wp-json\/wp\/v2\/categories?post=8908"},{"taxonomy":"post_tag","embeddable":true,"href":"https:\/\/www.knap.hr\/centar\/wp-json\/wp\/v2\/tags?post=8908"}],"curies":[{"name":"wp","href":"https:\/\/api.w.org\/{rel}","templated":true}]}}