{"id":14020,"date":"2026-04-29T13:03:15","date_gmt":"2026-04-29T11:03:15","guid":{"rendered":"https:\/\/www.knap.hr\/centar\/?p=14020"},"modified":"2026-04-29T13:06:57","modified_gmt":"2026-04-29T11:06:57","slug":"19-5-2026-zagrebacki-solistijosipa-bilickazalisna-dvorana-knap","status":"publish","type":"post","link":"https:\/\/www.knap.hr\/centar\/19-5-2026-zagrebacki-solistijosipa-bilickazalisna-dvorana-knap\/","title":{"rendered":"19. 5. 2026.<br>Zagreba\u010dki solisti<br>Josipa Bili\u0107<br>Kazali\u0161na dvorana KNAP"},"content":{"rendered":"[vc_row type=&#8221;in_container&#8221; full_screen_row_position=&#8221;middle&#8221; column_margin=&#8221;80px&#8221; equal_height=&#8221;yes&#8221; column_direction=&#8221;default&#8221; column_direction_tablet=&#8221;default&#8221; column_direction_phone=&#8221;default&#8221; scene_position=&#8221;center&#8221; constrain_group_2=&#8221;yes&#8221; constrain_group_6=&#8221;yes&#8221; translate_y=&#8221;-40&#8243; text_color=&#8221;dark&#8221; text_align=&#8221;left&#8221; row_border_radius=&#8221;none&#8221; row_border_radius_applies=&#8221;bg&#8221; overflow=&#8221;visible&#8221; overlay_strength=&#8221;1&#8243; gradient_direction=&#8221;left_to_right&#8221; shape_divider_position=&#8221;bottom&#8221; bg_image_animation=&#8221;none&#8221; shape_type=&#8221;&#8221; gradient_type=&#8221;default&#8221;][vc_column column_padding=&#8221;padding-4-percent&#8221; column_padding_tablet=&#8221;inherit&#8221; column_padding_phone=&#8221;inherit&#8221; column_padding_position=&#8221;top&#8221; column_element_direction_desktop=&#8221;default&#8221; column_element_spacing=&#8221;default&#8221; desktop_text_alignment=&#8221;default&#8221; tablet_text_alignment=&#8221;default&#8221; phone_text_alignment=&#8221;default&#8221; background_color_opacity=&#8221;1&#8243; background_hover_color_opacity=&#8221;1&#8243; column_backdrop_filter=&#8221;none&#8221; column_shadow=&#8221;none&#8221; column_border_radius=&#8221;none&#8221; column_link_target=&#8221;_self&#8221; column_position=&#8221;default&#8221; gradient_direction=&#8221;left_to_right&#8221; overlay_strength=&#8221;0.3&#8243; width=&#8221;1\/1&#8243; tablet_width_inherit=&#8221;default&#8221; animation_type=&#8221;default&#8221; bg_image_animation=&#8221;none&#8221; border_type=&#8221;simple&#8221; column_border_width=&#8221;none&#8221; column_border_style=&#8221;solid&#8221; column_padding_type=&#8221;default&#8221; gradient_type=&#8221;default&#8221;][vc_column_text]<strong>Utorak, 19. 05. 2026. \/ 19:30<br \/>\nKazali\u0161na dvorana KNAP<\/strong><\/p>\n<p><strong>Zagreba\u010dki solisti<br \/>\n<\/strong><strong>Josipa Bili\u0107<\/strong>, sopran<\/p>\n<p><strong><span style=\"color: #ff0000;\">Ulaz na koncert je slobodan!<\/span><\/strong><\/p>\n<p><strong><span style=\"color: #ff0000;\">Ulaznice mo\u017eete preuzeti putem sustava CoreEvent ili na blagajni Kazali\u0161ta Knap, sat vremena prije po\u010detka koncerta.<\/span><\/strong><\/p>\n<p>Program:<\/p>\n<p><strong>Charles Avison<br \/>\n<\/strong><strong><em>Concerto grosso u d-molu<\/em><\/strong><strong>, br. 3, prema D. Scarlattiju<\/strong><br \/>\n<em>Largo andante<br \/>\nAllegro spirituoso<br \/>\nAmoroso<br \/>\nAllegro<\/em><\/p>\n<p><strong>Carlo\u00a0Pallavicino<br \/>\n<\/strong><strong><em>Vieni, corri<\/em><\/strong><strong>, arija Antiope iz opere <em>Antiope<\/em><\/strong><\/p>\n<p><strong>Giacomo Puccini<br \/>\n<\/strong><strong><em>Krizanteme<\/em><\/strong><strong>, za guda\u010de<\/strong><\/p>\n<p><strong>Antonio Vivaldi<br \/>\n<\/strong><strong><em>Sento con qual diletto,<\/em><\/strong><strong> arija Alceste iz opere\u00a0<em>Ercole sul Termodonte<\/em><\/strong><\/p>\n<p><strong>Boris Papandopulo<br \/>\n<\/strong><strong><em>Pintarichiana<\/em><\/strong><strong>, suita za guda\u010de<br \/>\n<\/strong><em>Sonatina<br \/>\nPastorella<br \/>\nRondo<br \/>\n<\/em><em>Duda\u0161<\/em><\/p>\n<p><strong>Giacomo Puccini<br \/>\n<\/strong><strong><em>O mio babbino caro<\/em><\/strong><strong>, arija Laurette iz opere\u00a0<em>Gianni Schicchi<\/em><\/strong><\/p>\n<p><strong>Antonio Vivaldi<br \/>\n<\/strong><strong><em>Koncert za guda\u010de u d-molu<\/em><\/strong><strong>, RV 128<br \/>\n<\/strong><em>Allegro non molto<br \/>\nLargo<br \/>\nAllegro<\/em>[\/vc_column_text][\/vc_column][\/vc_row][vc_row type=&#8221;in_container&#8221; full_screen_row_position=&#8221;middle&#8221; column_margin=&#8221;default&#8221; column_direction=&#8221;default&#8221; column_direction_tablet=&#8221;default&#8221; column_direction_phone=&#8221;default&#8221; scene_position=&#8221;center&#8221; top_padding=&#8221;2%&#8221; translate_y=&#8221;-80&#8243; text_color=&#8221;dark&#8221; text_align=&#8221;left&#8221; row_border_radius=&#8221;none&#8221; row_border_radius_applies=&#8221;bg&#8221; overflow=&#8221;visible&#8221; overlay_strength=&#8221;0.3&#8243; gradient_direction=&#8221;left_to_right&#8221; shape_divider_position=&#8221;bottom&#8221; bg_image_animation=&#8221;none&#8221; shape_type=&#8221;&#8221; gradient_type=&#8221;default&#8221;][vc_column column_padding=&#8221;no-extra-padding&#8221; column_padding_tablet=&#8221;inherit&#8221; column_padding_phone=&#8221;inherit&#8221; column_padding_position=&#8221;all&#8221; column_element_direction_desktop=&#8221;default&#8221; column_element_spacing=&#8221;default&#8221; desktop_text_alignment=&#8221;default&#8221; tablet_text_alignment=&#8221;default&#8221; phone_text_alignment=&#8221;default&#8221; background_color_opacity=&#8221;1&#8243; background_hover_color_opacity=&#8221;1&#8243; column_backdrop_filter=&#8221;none&#8221; column_shadow=&#8221;none&#8221; column_border_radius=&#8221;none&#8221; column_link_target=&#8221;_self&#8221; column_position=&#8221;default&#8221; gradient_direction=&#8221;left_to_right&#8221; overlay_strength=&#8221;0.3&#8243; width=&#8221;1\/1&#8243; tablet_width_inherit=&#8221;default&#8221; animation_type=&#8221;default&#8221; bg_image_animation=&#8221;none&#8221; border_type=&#8221;simple&#8221; column_border_width=&#8221;none&#8221; column_border_style=&#8221;solid&#8221;][toggles style=&#8221;minimal&#8221;][toggle color=&#8221;Default&#8221; heading_tag=&#8221;default&#8221; heading_tag_functionality=&#8221;default&#8221; title=&#8221;Vi\u0161e o umjetnicima i programu&#8221;][vc_column_text]Ansambl <strong>Zagreba\u010dkih solista<\/strong> osnovan je 1953. godine u okviru Radija Zagreb pod umjetni\u010dkim vodstvom glasovitoga violon\u010delista Antonia Janigra. Tijekom vi\u0161e od sedam desetlje\u0107a \u2013 pod umjetni\u010dkim vodstvom koncertnih majstora poput Dragutina Hrdjoka, Tonka Nini\u0107a, An\u0111elka Krpana i Borivoja Martini\u0107-Jer\u010di\u0107a \u2013 Zagreba\u010dki solisti odr\u017eavaju kvalitetu muziciranja na zavidnoj razini te redovito gostuju na presti\u017enim svjetskim koncertnim pozornicama. Od 2012. godine ansambl nastupa uz violinista, ujedno koncertnog majstora, Sretena Krsti\u0107a, nekada\u0161njeg koncertnog majstora Minhenske filharmonije.<\/p>\n<p><img loading=\"lazy\" decoding=\"async\" class=\"aligncenter size-full wp-image-14016\" src=\"https:\/\/www.knap.hr\/centar\/wp-content\/uploads\/2026\/04\/NASLOVNA1-Zg-solisti-J.-Bilic.jpg\" alt=\"\" width=\"1400\" height=\"647\" srcset=\"https:\/\/www.knap.hr\/centar\/wp-content\/uploads\/2026\/04\/NASLOVNA1-Zg-solisti-J.-Bilic.jpg 1400w, https:\/\/www.knap.hr\/centar\/wp-content\/uploads\/2026\/04\/NASLOVNA1-Zg-solisti-J.-Bilic-300x139.jpg 300w, https:\/\/www.knap.hr\/centar\/wp-content\/uploads\/2026\/04\/NASLOVNA1-Zg-solisti-J.-Bilic-1024x473.jpg 1024w, https:\/\/www.knap.hr\/centar\/wp-content\/uploads\/2026\/04\/NASLOVNA1-Zg-solisti-J.-Bilic-768x355.jpg 768w\" sizes=\"auto, (max-width: 1400px) 100vw, 1400px\" \/><\/p>\n<p>Zagreba\u010dki solisti odr\u017eali su\u00a0gotovo 4000 koncerata na svim kontinentima, u najve\u0107im svjetskim centrima i najslavnijim koncertnim dvoranama kao \u0161to su Musikverein (Be\u010d), Concertgebouw (Amsterdam), Royal Festival Hall (London), Philharmonie Berlin, Dvorana \u010cajkovski (Moskva), Santa Cecilia (Rim), Carnegie Hall (New York), Sydney Opera House, Victoria Hall (\u017deneva), Teatro Real (Madrid), Teatro Col\u00f3n (Buenos Aires), Versailles itd. Bili su gosti najpoznatijih svjetskih festivala, poput onih u\u00a0Salzburgu, Pragu, Edinburghu, Berlinu, Bergenu, Barceloni, Istanbulu, Pradesu, Ossiachu, Dubrovniku i dr. Uz njih su muzicirali brojni ugledni solisti: Henryk Szeryng, Alfred Brendel, Christian Ferras, Pierre Fournier, Leonard Rose, James Galway, Jean-Pierre Rampal, Aldo Ciccolini, Katia Ricciarelli, Lily Laskine, Zuzana Ru\u017ei\u010dkova, Mario Brunello, Isabelle Moretti, Guy Touvron, Marc Coppey, Ray Chen i mnogi drugi.<\/p>\n<p>Zagreba\u010dki solisti izvode repertoar u rasponu od baroka do suvremenih ostvarenja, s posebnom pa\u017enjom na otkrivanje manje poznatih djela te na predstavljanje hrvatskih skladatelja. Snimili su vi\u0161e od sedamdeset nosa\u010da zvuka za etikete kao \u0161to su Vanguard, EMI, ASV, Eurodisc, Melodia, Hispa-vox, Pickwick, Croatia Records, Naxos, Audite. Dobitnici su brojnih uglednih me\u0111unarodnih i doma\u0107ih nagrada i priznanja, me\u0111u kojima su: prva nagrada u Mar del Plati (za album <em>Koncerti 18. stolje\u0107a<\/em>), medalja <em>Pablo Casals<\/em>, medalja <em>Elizabeth Sprague Coolidge<\/em> (za izvo\u0111enje suvremene glazbe), nagrade <em>Vladimir Nazor, Milka Trnina, Josip \u0160tolcer Slavenski<\/em>, <em>Ivan Luka\u010di\u0107<\/em> i <em>Jurica Murai<\/em> Vara\u017edinskih baroknih ve\u010deri, UNESCO, Nagrada Grada Zagreba, Srebrni kompakt disk diskografske ku\u0107e Croatia Records, Orden zasluga za narod sa srebrnim zracima, Plaketa Grada Zagreba, vi\u0161e diskografskih nagrada <em>Porin <\/em>(me\u0111u kojima i \u017eivotno djelo 1994.), te <em>Orlando Grand Prix<\/em> za osobite umjetni\u010dke doprinose u ostvarenju cjelokupnoga programa Dubrova\u010dkih ljetnih igara.<\/p>\n<p>Zagreba\u010dki solisti nastupaju u sastavu: Sreten Krsti\u0107 (koncertni majstor); Krunoslav Mari\u0107, Saki Kodama, Zvonimir Krpan, Marko Glogovi\u0107, Davor Philips, Ivan Novinc (violine); Hrvoje Philips, Tajana \u0160kori\u0107 (viole); Vid Veljak, Luka Galuf (violon\u010dela); Antal Papp (kontrabas).<\/p>\n<p><strong>\u00a0<\/strong><\/p>\n<p><img loading=\"lazy\" decoding=\"async\" class=\"alignright wp-image-14022 size-medium\" src=\"https:\/\/www.knap.hr\/centar\/wp-content\/uploads\/2026\/04\/josipa-205x300.jpg\" alt=\"\" width=\"205\" height=\"300\" srcset=\"https:\/\/www.knap.hr\/centar\/wp-content\/uploads\/2026\/04\/josipa-205x300.jpg 205w, https:\/\/www.knap.hr\/centar\/wp-content\/uploads\/2026\/04\/josipa-700x1024.jpg 700w, https:\/\/www.knap.hr\/centar\/wp-content\/uploads\/2026\/04\/josipa-768x1124.jpg 768w, https:\/\/www.knap.hr\/centar\/wp-content\/uploads\/2026\/04\/josipa.jpg 898w\" sizes=\"auto, (max-width: 205px) 100vw, 205px\" \/><\/p>\n<p>Istaknuta hrvatska sopranistica <strong>Josipa Bili\u0107<\/strong> diplomirala je studij pjevanja <em>summa cum laude<\/em> 2021. godine na Muzi\u010dkoj akademiji u Zagrebu u razredu prof. Lidije Horvat-Dunjko. Sura\u0111ivala\u00a0je s renomiranim dirigentima poput Piera Giorgia Morandija, Giampaola Bisantija, Mariusa Burkerta,\u00a0Davida Danzmayra, Martina Yatesa, Hansj\u00f6rga Albrechta, Dawida Runtza i Valentina Egela. Uz\u00a0nastupe s uglednim orkestrima poput filharmonija iz Graza, Helsinkija, Szegeda i Sarajeva, nastupala\u00a0je i sa Zagreba\u010dkom filharmonijom, Simfonijskim orkestrom HRT-a, Dubrova\u010dkim\u00a0simfonijskim orkestrom, Vara\u017edinskim komornim orkestrom, ansamblom Le Concert de l&#8217;Hostel Dieu,\u00a0Zagreba\u010dkim solistima te Hrvatskim baroknim ansamblom.\u00a0Njezini nedavni anga\u017emani uklju\u010duju nastupe u opernim ku\u0107ama i na festivalima kao \u0161to su Op\u00e9ra Royal de Wallonie u Li\u00e8geu, Oper Graz, Innsbrucker Festwochen, Bachfest Schaffhausen, Nacionalno\u00a0kazali\u0161te u Szegedu, i dr. Na opernoj sceni ostvarila je uloge Amora u operi <em>Orfeo ed Euridice<\/em> (Gluck), Alceste u <em>Arianni in Creta<\/em> (H\u00e4ndel), Despine u <em>Cos\u00ec fan tutte<\/em>, Ilije u <em>Idomeneu<\/em> i Pamine u <em>\u010carobnoj fruli<\/em>\u00a0(Mozart), Marice u<em> Ivici i Marici <\/em>(Humperdinck), Sophie u <em>Wertheru<\/em>, Pepeljuge (Massenet), Adele u\u00a0<em>\u0160i\u0161mi\u0161u <\/em>(J. Strauss ml.), Susanne u <em>Il segreto di Susanna<\/em> (Wolf-Ferrari), Gilde u <em>Rigolettu<\/em> (Verdi) i dr.\u00a0Pobjeda na 12.\u00a0Me\u0111unarodnom baroknom pjeva\u010dkom natjecanju u Frovilleu donijela joj je diskografski ugovor s ansamblom Ensemble I Gemelli. Tako\u0111er usavr\u0161ava repertoar rane glazbe\u00a0kao jedna od deset laureata presti\u017ene akademije Les Arts Florissants \u2013 Le Jardin des Voix. Pod\u00a0vodstvom Williama Christieja nastupa na velikim europskim pozornicama i festivalima me\u0111u kojima su\u00a0Festival Dans les Jardins de William Christie, Lucerne Festival, Op\u00e9ra Royal du Ch\u00e2teau de Versailles, Palau\u00a0de les Arts Reina Sof\u00eda, Cit\u00e9 de la Musique (Philharmonie de Paris), Auditorio Pr\u00edncipe Felipe\u00a0(Oviedo), Philharmonie Luxembourg, Op\u00e9ra de Massy, Auditorium Orchestre national de Lyon te\u00a0Auditorio Nacional de M\u00fasica u Madridu. Zahvaljuju\u0107i uspjehu na natjecanju <em>Antonio Cesti<\/em>, debitirala\u00a0je na Innsbrucker Festwochen der Alten Musik u ulozi Alceste u operi <em>Arianna in Creta<\/em>.\u00a0Kao finalistica jednog od najpresti\u017enijih svjetskih pjeva\u010dkih natjecanja, 9. natjecanja <em>Mirjam Helin<\/em>,\u00a0osvojila je \u0161estu nagradu te debitirala u koncertnoj dvorani Musiikkitalo uz Helsin\u0161ku filharmoniju pod\u00a0ravnanjem Sir Marka Eldera. Tako\u0111er je debitirala u Operi Graz u sklopu koncerta laureata natjecanja\u00a0<em>Ferruccio Tagliavini<\/em>.\u00a0Godine 2024. postaje najmla\u0111a \u010dlanica solisti\u010dkog ansambla Opere Hrvatskog narodnog kazali\u0161ta u\u00a0Zagrebu, gdje ostvaruje neke od svojih najzna\u010dajnijih uloga. Njezina umjetni\u010dka strast obuhva\u0107a <em>i lied<\/em>,\u00a0oratorij te koncertni repertoar, uz zapa\u017eene solisti\u010dke nastupe u djelima Bacha, Pergolesija, Mozarta, Haydna,\u00a0Beethovena, Rossinija i Mahlera. Dobitnica je brojnih uglednih umjetni\u010dkih nagrada u Hrvatskoj,\u00a0uklju\u010duju\u0107i nagradu <em>Mladi umjetnik godine<\/em> 2022., <em>Nagradu hrvatskog glumi\u0161ta<\/em> za najbolju \u017eensku\u00a0ulogu u operi, Nagradu <em>Ferdo Livadi\u0107<\/em>, Diplomu <em>Darko Luki\u0107<\/em> te Nagradu <em>Ivan Werner<\/em>.[\/vc_column_text][\/toggle][\/toggles][divider line_type=&#8221;No Line&#8221; custom_height=&#8221;50&#8243;][image_with_animation image_url=&#8221;14017&#8243; image_size=&#8221;full&#8221; animation_type=&#8221;entrance&#8221; animation=&#8221;None&#8221; animation_movement_type=&#8221;transform_y&#8221; hover_animation=&#8221;none&#8221; alignment=&#8221;center&#8221; border_radius=&#8221;none&#8221; box_shadow=&#8221;none&#8221; image_loading=&#8221;default&#8221; max_width=&#8221;100%&#8221; max_width_mobile=&#8221;default&#8221;][divider line_type=&#8221;No Line&#8221; custom_height=&#8221;50&#8243;][\/vc_column][\/vc_row]\n","protected":false},"excerpt":{"rendered":"<p>[vc_row type=&#8221;in_container&#8221; full_screen_row_position=&#8221;middle&#8221; column_margin=&#8221;80px&#8221; equal_height=&#8221;yes&#8221; column_direction=&#8221;default&#8221; column_direction_tablet=&#8221;default&#8221; column_direction_phone=&#8221;default&#8221; scene_position=&#8221;center&#8221; constrain_group_2=&#8221;yes&#8221; constrain_group_6=&#8221;yes&#8221; translate_y=&#8221;-40&#8243; text_color=&#8221;dark&#8221; text_align=&#8221;left&#8221; row_border_radius=&#8221;none&#8221;&#8230;<\/p>\n","protected":false},"author":1,"featured_media":14015,"comment_status":"closed","ping_status":"closed","sticky":false,"template":"","format":"standard","meta":{"footnotes":""},"categories":[61],"tags":[],"class_list":{"0":"post-14020","1":"post","2":"type-post","3":"status-publish","4":"format-standard","5":"has-post-thumbnail","7":"category-glazbeni-knap"},"_links":{"self":[{"href":"https:\/\/www.knap.hr\/centar\/wp-json\/wp\/v2\/posts\/14020","targetHints":{"allow":["GET"]}}],"collection":[{"href":"https:\/\/www.knap.hr\/centar\/wp-json\/wp\/v2\/posts"}],"about":[{"href":"https:\/\/www.knap.hr\/centar\/wp-json\/wp\/v2\/types\/post"}],"author":[{"embeddable":true,"href":"https:\/\/www.knap.hr\/centar\/wp-json\/wp\/v2\/users\/1"}],"replies":[{"embeddable":true,"href":"https:\/\/www.knap.hr\/centar\/wp-json\/wp\/v2\/comments?post=14020"}],"version-history":[{"count":4,"href":"https:\/\/www.knap.hr\/centar\/wp-json\/wp\/v2\/posts\/14020\/revisions"}],"predecessor-version":[{"id":14025,"href":"https:\/\/www.knap.hr\/centar\/wp-json\/wp\/v2\/posts\/14020\/revisions\/14025"}],"wp:featuredmedia":[{"embeddable":true,"href":"https:\/\/www.knap.hr\/centar\/wp-json\/wp\/v2\/media\/14015"}],"wp:attachment":[{"href":"https:\/\/www.knap.hr\/centar\/wp-json\/wp\/v2\/media?parent=14020"}],"wp:term":[{"taxonomy":"category","embeddable":true,"href":"https:\/\/www.knap.hr\/centar\/wp-json\/wp\/v2\/categories?post=14020"},{"taxonomy":"post_tag","embeddable":true,"href":"https:\/\/www.knap.hr\/centar\/wp-json\/wp\/v2\/tags?post=14020"}],"curies":[{"name":"wp","href":"https:\/\/api.w.org\/{rel}","templated":true}]}}