{"id":11514,"date":"2024-10-16T17:14:15","date_gmt":"2024-10-16T15:14:15","guid":{"rendered":"https:\/\/www.knap.hr\/centar\/?p=11514"},"modified":"2024-11-04T13:00:31","modified_gmt":"2024-11-04T12:00:31","slug":"music-mission-vision-acoustic-project19-11-2024-u-19-30kazalisna-dvorana-centra-knap","status":"publish","type":"post","link":"https:\/\/www.knap.hr\/centar\/music-mission-vision-acoustic-project19-11-2024-u-19-30kazalisna-dvorana-centra-knap\/","title":{"rendered":"MUSIC \u2013 MISSION \u2013 VISION<br>ACOUSTIC PROJECT<br>19. 11. 2024. u 19.30<br>Kazali\u0161na dvorana Centra Knap"},"content":{"rendered":"[vc_row type=&#8221;in_container&#8221; full_screen_row_position=&#8221;middle&#8221; column_margin=&#8221;default&#8221; column_direction=&#8221;default&#8221; column_direction_tablet=&#8221;default&#8221; column_direction_phone=&#8221;default&#8221; scene_position=&#8221;center&#8221; text_color=&#8221;dark&#8221; text_align=&#8221;left&#8221; row_border_radius=&#8221;none&#8221; row_border_radius_applies=&#8221;bg&#8221; overflow=&#8221;visible&#8221; overlay_strength=&#8221;0.3&#8243; gradient_direction=&#8221;left_to_right&#8221; shape_divider_position=&#8221;bottom&#8221; bg_image_animation=&#8221;none&#8221; shape_type=&#8221;&#8221;][vc_column column_padding=&#8221;no-extra-padding&#8221; column_padding_tablet=&#8221;inherit&#8221; column_padding_phone=&#8221;inherit&#8221; column_padding_position=&#8221;all&#8221; column_element_direction_desktop=&#8221;default&#8221; column_element_spacing=&#8221;default&#8221; desktop_text_alignment=&#8221;default&#8221; tablet_text_alignment=&#8221;default&#8221; phone_text_alignment=&#8221;default&#8221; background_color_opacity=&#8221;1&#8243; background_hover_color_opacity=&#8221;1&#8243; column_backdrop_filter=&#8221;none&#8221; column_shadow=&#8221;none&#8221; column_border_radius=&#8221;none&#8221; column_link_target=&#8221;_self&#8221; column_position=&#8221;default&#8221; gradient_direction=&#8221;left_to_right&#8221; overlay_strength=&#8221;0.3&#8243; width=&#8221;1\/1&#8243; tablet_width_inherit=&#8221;default&#8221; animation_type=&#8221;default&#8221; bg_image_animation=&#8221;none&#8221; border_type=&#8221;simple&#8221; column_border_width=&#8221;none&#8221; column_border_style=&#8221;solid&#8221;][image_with_animation image_url=&#8221;11549&#8243; image_size=&#8221;full&#8221; animation_type=&#8221;entrance&#8221; animation=&#8221;None&#8221; animation_movement_type=&#8221;transform_y&#8221; hover_animation=&#8221;none&#8221; alignment=&#8221;center&#8221; img_link_large=&#8221;yes&#8221; border_radius=&#8221;none&#8221; box_shadow=&#8221;none&#8221; image_loading=&#8221;default&#8221; max_width=&#8221;100%&#8221; max_width_mobile=&#8221;default&#8221;][divider line_type=&#8221;No Line&#8221; custom_height=&#8221;20&#8243;][vc_column_text]<strong>Utorak, 19. studenoga 2024. u 19.30<br \/>\n<\/strong><strong>Kazali\u0161na dvorana Centra Knap<\/strong><\/p>\n<p><strong>ACOUSTIC PROJECT<\/strong><\/p>\n<p>Marko Zupan, flauta<br \/>\nBranko Mihanovi\u0107, oboa<br \/>\nNikola Fabijani\u0107, saksofon<br \/>\nTibor Nagli\u0107, klavir<br \/>\nRenato Palatinu\u0161, udaraljke<br \/>\nMarco Graziani, violina<br \/>\nVal Bakra\u010d, violina<br \/>\nAleksandar Jakopanec, viola<br \/>\nPetar Kova\u010di\u0107, violon\u010delo<br \/>\nDubravko Palanovi\u0107, kontrabas<\/p>\n<p><strong>Claude Bolling: <em>Suita za flautu i jazz trio<\/em><\/strong> (izbor)<\/p>\n<p><em>Javanaise<br \/>\n<\/em><em>Irlandaise<br \/>\n<\/em><em>Sentimentale<br \/>\n<\/em><em>V\u00e9loce<\/em><\/p>\n<p>Solist: <strong>Marko Zupan<\/strong>, flauta<\/p>\n<p><strong>Giovanni Sollima: <em>Spasimo<\/em>, za violon\u010delo i ansambl<\/strong><strong><br \/>\n<\/strong><em>De harmonia<\/em><em><br \/>\nPeste<br \/>\nRaffaello: il naufragio<br \/>\nPorta dei Greci<br \/>\nDe harmonia, via dolorosa<\/em><\/p>\n<p>Solist: <strong>Petar Kova\u010di\u0107<\/strong>, violon\u010delo<\/p>\n<p><strong>Dubravko Palanovi\u0107: <em>Prvo sunce<\/em>, za ansambl*<\/strong><\/p>\n<p><strong>Frano \u0110urovi\u0107: <em>Prevara za kraj<\/em>, za ansambl<\/strong>*<\/p>\n<p><strong>Ansambl Acoustic Project<\/strong> osnovan je 2008. godine, a zajedno s kolegama i prijateljima osmislio ga je skladatelj i kontrabasist Dubravko Palanovi\u0107, koji ga od tada i vodi. Deset sjajnih glazbenika okupljenih u ansamblu, mahom virtuoza svojih instrumenata, jedinstvena su pojava na hrvatskoj glazbenoj sceni. Kroz godine djelovanja doga\u0111ale su se mnoge transformacije kako u postavi glazbenika, tako i u samom glazbenom izri\u010daju \u010diji \u0161iroki glazbeni raspon od klasike, jazza, folklora, pa \u010dak i rocka, ansamblu daje prepoznatljivi, jedinstveni pe\u010dat, kako u ideji i programskom konceptu tako i u izvedbi. Godine 2012. ansambl u izdanju diskografskih ku\u0107a Aquarius Records i Morris Studio objavljuje prvi CD pod nazivom <em>Acoustic Project<\/em> koji je iste godine nominiran i za hrvatsku diskografsku nagradu <em>Porin<\/em>. Tijekom djelovanja, ovaj sastav smjelo se suo\u010dava s raznim izazovima ne pre\u017eu\u0107i od glazbenih eksperimenata, uvijek nastoje\u0107i doprijeti do novih i jo\u0161 neistra\u017eenih predjela glazbe. Po mi\u0161ljenju publike i stru\u010dne kritike, Acoustic Project je napravio iskorak u nova glazbena prostranstva uvo\u0111enjem u klasi\u010dnu glazbu nekih suvremenih, inovativnih formalnih struktura i instrumentacijskih postupaka druga\u010dijih od onih uvrije\u017eenih, te ju je time ne samo pribli\u017eio drugim glazbenim stilovima, nego u\u010dinio i pristupa\u010dnijom publici otvorenoj za nove izazove. Po\u010detkom 2022. godine, u izdanju talijanskog diskografa <em>Velut Luna<\/em>, objavljen je album <em>Furious Dance<\/em> sa skladbama koje predstavljaju svojevrsnu fuziju klasi\u010dne glazbe, jazza i hrvatske tradicijske glazbe.<\/p>\n<p>Vi\u0161e na: <a href=\"https:\/\/www.facebook.com\/p\/Acoustic-Project-100063443119321\/\" target=\"_blank\" rel=\"noopener\">acousticproject.com<\/a>[\/vc_column_text][divider line_type=&#8221;No Line&#8221; custom_height=&#8221;60&#8243;][vc_column_text]Francuski jazz skladatelj, pijanist i aran\u017eer <strong>Claude Bolling <\/strong>(1930. \u2013 2020.) svojem je \u0161irokom rasponu glazbenih interesa pridodao i onaj za klasi\u010dnu glazbu, a rezultat su mnoga njegova <em>crossover<\/em> ostvarenja i suradnje s klasi\u010dnim glazbenicima. Me\u0111u najpoznatijim i najizvo\u0111enijim djelima je <strong><em>Suita za flautu i jazz trio <\/em><\/strong>nastala u suradnji s proslavljenim flautistom Jean-Pierreom Rampalom 1973. godine. Izvorno sedmerostava\u010dna <em>Suita<\/em> znala\u010dki spaja baroknu eleganciju sa suvremenim ritmom, kao i &#8216;klasi\u010dnu&#8217; flautu s jazz triom.<\/p>\n<p>Talijanski violon\u010delist, skladatelj i pedagog <strong>Giovanni Sollima <\/strong>(1962.) godine 1995. skladao je skladbu <strong><em>Spasimo<\/em><\/strong> (<em>Gr\u010d<\/em>) na narud\u017ebu Teatra Massimo u njegovu rodnom Palermu. Povod je bila proslava zavr\u0161etka radova na obnovi i otvorenje tamo\u0161nje crkve Santa Maria dello Spasimo. Burne i vi\u0161estoljetne povijesti (gradnja je po\u010dela po\u010detkom 16. stolje\u0107a), crkva nosi naslov prema glasovitoj slici Raffaela Sanzia <em>Spasimo di Sicilia<\/em> koja prikazuje neizmjernu Marijinu bol pred Kristom palim pod teretom kri\u017ea, a koja je nastala na narud\u017ebu samostana uz crkvu i \u010dudom ostala o\u010duvana u brodolomu na putu iz Rima. Naslovi stavaka odnose se na slojevitu i kompleksnu povijest crkve, pa je i Sollimina glazba puna suprotnosti, razli\u010ditih stilova i kontradikcija: od arapske i talijanske tradicije do pop i avangardne glazbe, od meditacije do dramatike i natrag.<\/p>\n<p>Skladatelj i kontrabasist <strong>Dubravko Palanovi\u0107 <\/strong>(Zagreb, 1977.) na Muzi\u010dkoj akademiji u Zagrebu diplomirao je kontrabas u klasi Josipa Novosela i kompoziciju u klasi \u017deljka Brkanovi\u0107a. Bio je \u010dlan Omladinskog orkestra <em>Gustav Mahler<\/em> pod vodstvom Claudia Abbada, a trenuta\u010dno profesionalno djeluje u Zagreba\u010dkoj filharmoniji kao kontrabasist. Osniva\u010d je ansambla Acoustic Project u kojem sklada, aran\u017eira i svira. Skladao je za ugledne orkestre i ansamble kao \u0161to su Zagreba\u010dka filharmonija, Simfonijski orkestar HRT-a, Orkestar i Zbor HNK Ivana pl. Zajca u Rijeci, Salzbur\u0161ka komorna filharmonija, Moskovski simfonijski orkestar, Zagreba\u010dki solisti, Cantus Ansambl, Zagreba\u010dki puha\u010dki ansambl, Vara\u017edinski komorni orkestar i Zadarski komorni orkestar. Za svoje novo ostvarenje, <strong><em>Prvo sunce<\/em><\/strong>, ka\u017ee da se mo\u017ee promatrati kroz barem dva nivoa, kao i neke duge skladbe koje je napisao za Acoustic Project, a \u010diji nazivi nisu na prvi pogled jasni, te imaju vi\u0161e ili manje skriveno zna\u010denje. \u0160to se ti\u010de <em>Prvoga sunca<\/em> \u201ejedan aspekt je svakako pojam dolaska zore ili svitanje, gdje doga\u0111aje i emocije promatramo kroz prizmu novog dana ili novog po\u010detka. S dolaskom sunca dobivamo novu energiju i polet u svojim \u017eivotima. S prvim zrakama sunca sve mo\u017ee izgledati druga\u010dije i bolje. U ovoj skladbi sam poku\u0161ao pokrenuti pozitivne emocije vode\u0107i se mi\u0161lju da sami u sebi mo\u017eemo prona\u0107i svjetlo i \u017eivotnu energiju kada za to jedva ima uvjeta obzirom na ne ba\u0161 lake \u017eivotne okolnosti. To bi svakako bio drugi aspekt skladbe\u201c, zapisuje autor.<\/p>\n<p><strong>Frano \u0110urovi\u0107<\/strong> (Dubrovnik, 1971.) jedan je od najsvestranijih hrvatskih skladatelja suvremene glazbe \u010diji bogat i raznolik opus posebno karakterizira zna\u010dajan broj skladbi koje uklju\u010duju ili su pisane za elektroniku. Oku\u0161ao se u \u0161irokom spektru glazbenih podru\u010dja. Autor je orkestralnih i komornih djela, baleta, glazbe za kazali\u0161te, film i televiziju, multimedijalnih projekata te zvu\u010dnih instalacija. Kompoziciju je diplomirao u razredu Frane Para\u0107a na Muzi\u010dkoj akademiji u Zagrebu, gdje radi od 2004., a od 2019. godine u zvanju redovitog profesora. Od 2020. je profesor primijenjene kompozicije. Za autorski rad dodijeljene su mu brojne ugledne nagrade. Aktivan i kao organizator glazbenog \u017eivota u Hrvatskoj, bio je umjetni\u010dki voditelj Glazbene tribine u Opatiji, umjetni\u010dki savjetnik Muzi\u010dkog biennala Zagreb, \u010dlan te predsjednik (od 2018.) Upravnog odbora Glazbene nagrade <em>Porin<\/em>. Tako\u0111er, predsjednik je Autorskopravnog odbora HDS-a. <strong><em>Prevara za kraj<\/em> <\/strong>nastavak je skladateljeva posezanja za stihovima (uglavnom) pop pjesama i njihova izmje\u0161tanja iz mati\u010dnog konteksta izbjegavaju\u0107i reference na izvornu glazbenu gra\u0111u pjesme. Pri tome se \u010desto koristi ironijom i humorom. <em>Prevara za kraj<\/em> stih je pjesme grupe Jinx iz 1999. godine u kojoj skladatelj ipak pone\u0161to odstupa od dosada\u0161njeg principa. \u201eU ovoj skladbi se iznimno, osim naslovom, i glazbom referiram na pop glazbu. U svakoj skladbi poku\u0161avam isprobati ne\u0161to novo, ne \u017eelim se ponavljati i ovaj mi se sastav ansambla \u010dini podatan za takav &#8216;eksperiment&#8217;\u201c, zapisao je.[\/vc_column_text][\/vc_column][\/vc_row][vc_row type=&#8221;full_width_content&#8221; full_screen_row_position=&#8221;middle&#8221; column_margin=&#8221;default&#8221; column_direction=&#8221;default&#8221; column_direction_tablet=&#8221;default&#8221; column_direction_phone=&#8221;default&#8221; scene_position=&#8221;center&#8221; text_color=&#8221;dark&#8221; text_align=&#8221;left&#8221; row_border_radius=&#8221;none&#8221; row_border_radius_applies=&#8221;bg&#8221; overflow=&#8221;visible&#8221; disable_element=&#8221;yes&#8221; overlay_strength=&#8221;0.3&#8243; gradient_direction=&#8221;left_to_right&#8221; shape_divider_position=&#8221;bottom&#8221; bg_image_animation=&#8221;none&#8221; gradient_type=&#8221;default&#8221; shape_type=&#8221;&#8221;][vc_column column_padding=&#8221;no-extra-padding&#8221; column_padding_tablet=&#8221;inherit&#8221; column_padding_phone=&#8221;inherit&#8221; column_padding_position=&#8221;all&#8221; column_element_direction_desktop=&#8221;default&#8221; column_element_spacing=&#8221;default&#8221; desktop_text_alignment=&#8221;default&#8221; tablet_text_alignment=&#8221;default&#8221; phone_text_alignment=&#8221;default&#8221; background_color_opacity=&#8221;1&#8243; background_hover_color_opacity=&#8221;1&#8243; column_backdrop_filter=&#8221;none&#8221; column_shadow=&#8221;none&#8221; column_border_radius=&#8221;none&#8221; column_link_target=&#8221;_self&#8221; column_position=&#8221;default&#8221; gradient_direction=&#8221;left_to_right&#8221; overlay_strength=&#8221;0.3&#8243; width=&#8221;1\/1&#8243; tablet_width_inherit=&#8221;default&#8221; animation_type=&#8221;default&#8221; bg_image_animation=&#8221;none&#8221; border_type=&#8221;simple&#8221; column_border_width=&#8221;none&#8221; column_border_style=&#8221;solid&#8221;][vc_gallery type=&#8221;flickity_static_height_style&#8221; images=&#8221;9703,9708,9707,9706,9705,9704&#8243; flickity_spacing=&#8221;default&#8221; flickity_controls=&#8221;pagination&#8221; flickity_overflow=&#8221;hidden&#8221; flickity_wrap_around=&#8221;wrap&#8221; flickity_box_shadow=&#8221;none&#8221; image_loading=&#8221;default&#8221; onclick=&#8221;link_image&#8221; img_size=&#8221;full&#8221;][divider line_type=&#8221;No Line&#8221; custom_height=&#8221;1&#8243; custom_height_tablet=&#8221;10&#8243; custom_height_phone=&#8221;20&#8243;][vc_column_text css=&#8221;.vc_custom_1699024796783{margin-right: 20px !important;}&#8221;]\n<p style=\"text-align: right;\">Photo: @matija.jimi<\/p>\n[\/vc_column_text][\/vc_column][\/vc_row]\n","protected":false},"excerpt":{"rendered":"<p>[vc_row type=&#8221;in_container&#8221; full_screen_row_position=&#8221;middle&#8221; column_margin=&#8221;default&#8221; column_direction=&#8221;default&#8221; column_direction_tablet=&#8221;default&#8221; column_direction_phone=&#8221;default&#8221; scene_position=&#8221;center&#8221; text_color=&#8221;dark&#8221; text_align=&#8221;left&#8221; row_border_radius=&#8221;none&#8221; row_border_radius_applies=&#8221;bg&#8221; overflow=&#8221;visible&#8221; overlay_strength=&#8221;0.3&#8243; gradient_direction=&#8221;left_to_right&#8221;&#8230;<\/p>\n","protected":false},"author":1,"featured_media":11549,"comment_status":"closed","ping_status":"closed","sticky":false,"template":"","format":"standard","meta":{"footnotes":""},"categories":[54,63],"tags":[],"class_list":{"0":"post-11514","1":"post","2":"type-post","3":"status-publish","4":"format-standard","5":"has-post-thumbnail","7":"category-koncerti","8":"category-music-mission-vision"},"_links":{"self":[{"href":"https:\/\/www.knap.hr\/centar\/wp-json\/wp\/v2\/posts\/11514","targetHints":{"allow":["GET"]}}],"collection":[{"href":"https:\/\/www.knap.hr\/centar\/wp-json\/wp\/v2\/posts"}],"about":[{"href":"https:\/\/www.knap.hr\/centar\/wp-json\/wp\/v2\/types\/post"}],"author":[{"embeddable":true,"href":"https:\/\/www.knap.hr\/centar\/wp-json\/wp\/v2\/users\/1"}],"replies":[{"embeddable":true,"href":"https:\/\/www.knap.hr\/centar\/wp-json\/wp\/v2\/comments?post=11514"}],"version-history":[{"count":11,"href":"https:\/\/www.knap.hr\/centar\/wp-json\/wp\/v2\/posts\/11514\/revisions"}],"predecessor-version":[{"id":11606,"href":"https:\/\/www.knap.hr\/centar\/wp-json\/wp\/v2\/posts\/11514\/revisions\/11606"}],"wp:featuredmedia":[{"embeddable":true,"href":"https:\/\/www.knap.hr\/centar\/wp-json\/wp\/v2\/media\/11549"}],"wp:attachment":[{"href":"https:\/\/www.knap.hr\/centar\/wp-json\/wp\/v2\/media?parent=11514"}],"wp:term":[{"taxonomy":"category","embeddable":true,"href":"https:\/\/www.knap.hr\/centar\/wp-json\/wp\/v2\/categories?post=11514"},{"taxonomy":"post_tag","embeddable":true,"href":"https:\/\/www.knap.hr\/centar\/wp-json\/wp\/v2\/tags?post=11514"}],"curies":[{"name":"wp","href":"https:\/\/api.w.org\/{rel}","templated":true}]}}