{"id":11040,"date":"2024-06-03T14:15:38","date_gmt":"2024-06-03T12:15:38","guid":{"rendered":"https:\/\/www.knap.hr\/centar\/?p=11040"},"modified":"2024-06-15T09:44:48","modified_gmt":"2024-06-15T07:44:48","slug":"frane-radakjedna-mala-retrospektiva12-20-6-2024","status":"publish","type":"post","link":"https:\/\/www.knap.hr\/centar\/frane-radakjedna-mala-retrospektiva12-20-6-2024\/","title":{"rendered":"Frane Radak<br>Jedna mala retrospektiva<br>12. \u2013 20.6.2024."},"content":{"rendered":"[vc_row type=&#8221;in_container&#8221; full_screen_row_position=&#8221;middle&#8221; column_margin=&#8221;default&#8221; column_direction=&#8221;default&#8221; column_direction_tablet=&#8221;default&#8221; column_direction_phone=&#8221;default&#8221; scene_position=&#8221;center&#8221; text_color=&#8221;dark&#8221; text_align=&#8221;left&#8221; row_border_radius=&#8221;none&#8221; row_border_radius_applies=&#8221;bg&#8221; overflow=&#8221;visible&#8221; overlay_strength=&#8221;0.3&#8243; gradient_direction=&#8221;left_to_right&#8221; shape_divider_position=&#8221;bottom&#8221; bg_image_animation=&#8221;none&#8221;][vc_column column_padding=&#8221;no-extra-padding&#8221; column_padding_tablet=&#8221;inherit&#8221; column_padding_phone=&#8221;inherit&#8221; column_padding_position=&#8221;all&#8221; column_element_direction_desktop=&#8221;default&#8221; column_element_spacing=&#8221;default&#8221; desktop_text_alignment=&#8221;default&#8221; tablet_text_alignment=&#8221;default&#8221; phone_text_alignment=&#8221;default&#8221; background_color_opacity=&#8221;1&#8243; background_hover_color_opacity=&#8221;1&#8243; column_backdrop_filter=&#8221;none&#8221; column_shadow=&#8221;none&#8221; column_border_radius=&#8221;none&#8221; column_link_target=&#8221;_self&#8221; column_position=&#8221;default&#8221; gradient_direction=&#8221;left_to_right&#8221; overlay_strength=&#8221;0.3&#8243; width=&#8221;1\/1&#8243; tablet_width_inherit=&#8221;default&#8221; animation_type=&#8221;default&#8221; bg_image_animation=&#8221;none&#8221; border_type=&#8221;simple&#8221; column_border_width=&#8221;none&#8221; column_border_style=&#8221;solid&#8221;][image_with_animation image_url=&#8221;11041&#8243; image_size=&#8221;full&#8221; animation_type=&#8221;entrance&#8221; animation=&#8221;Fade In&#8221; animation_easing=&#8221;default&#8221; animation_movement_type=&#8221;transform_y&#8221; hover_animation=&#8221;none&#8221; alignment=&#8221;&#8221; img_link_large=&#8221;yes&#8221; border_radius=&#8221;none&#8221; box_shadow=&#8221;none&#8221; image_loading=&#8221;default&#8221; max_width=&#8221;100%&#8221; max_width_mobile=&#8221;default&#8221;][divider line_type=&#8221;No Line&#8221; custom_height=&#8221;30&#8243;][vc_column_text css=&#8221;.vc_custom_1717416960632{margin-top: 15px !important;}&#8221;]FRANE RADAK<br \/>\nJEDNA MALA RETROSPEKTIVA<br \/>\n12. \u2013 20.6.2024.<\/p>\n<p><strong>Polaznici Likovnog kluba o Frani Radaku<\/strong><\/p>\n<p>Frane Radak, tijekom vi\u0161e od trideset godina rada kao suradnik Centra KNAP i voditelj Likovnog kluba ostavio je dubok trag na polaznike, svojim likovnim umije\u0107ima, karakterom i neumornom te\u017enjom za umjetni\u010dkim stvarala\u0161tvom.<\/p>\n<p><em>Radionica prof. Frane Radaka Likovnog kluba Centra KNAP postala je sinonim za dugovje\u010dnost jer je dobar dio ekipe s njim gotovo 20 godina pa se mo\u017ee pohvaliti da ga poznaje ne samo kao slikara, ve\u0107 vrsnog pedagoga, prijatelja i dobrog \u010dovjeka. Slikarstvo je njegov \u017eivot, a ljubav prema stvaranju uvijek je nastojao potaknuti u nama, \u0161to je velikim dijelom i uspio. Govori nam \u010desto da u likovnom izrazu moramo biti beskompromisni, otvoreni za promjene, da se u slikanju upravo zbog godina nemamo \u010dega bojati, te da je slikar \u0161to je stariji, slobodniji u svom razmi\u0161ljanju i stvaranju.\u00a0Voli slikati na ve\u0107em formatu jer kako ka\u017ee, kad je duh nesmetan, ruka ga ne smije ko\u010diti za potpuni izra\u017eaj onoga \u0161to \u017eeli. Posebno je poticajno gledati ga kako nam pokazuje na\u010din slikanja i kako u trenu stvara, a isto tako brzo i bri\u0161e, te se za tili \u010das ponovno ra\u0111aju cvije\u0107e, masline, krovovi, a mrtvu prirodu o\u017eivljava samo njemu svojstvenim vatrometom boja i svjetlosti. Stoga su njegovi satovi poseban do\u017eivljaj i inspiracija.<\/em><em>\u00a0<\/em><\/p>\n<ul>\n<li><em>Od 2005. godine slikanje na Franinim radionicama mi je jednako va\u017eno kao i dru\u017eenje<\/em><em>.<\/em><\/li>\n<li><em>Rasni slikar, umjetnik nepredvidljivosti, nemirna duha i anga\u017eirani pedagog!<\/em><\/li>\n<li><em>Na\u0161em profesoru Radaku ne nedostaje razigranosti na papiru ili slikarskom platnu, on je na\u0161 motivator i inspiracija za svaki novi dan da ga provedemo sretniji i ispunjeniji.<\/em><\/li>\n<li><em>Inspirativna je duha i prepun svekolikom znanja o umjetnosti i \u017eivotu, koje je spreman velikodu\u0161no podijeliti s nama.<\/em><\/li>\n<li><em> Frane Radak \u017eivi onu izreku: Niti jedan dan bez poteza kistom, prenose\u0107i ljubav prema slikanju i umjetni\u010dkom stvaranju na na\u0161u likovnu grupu.<\/em><\/li>\n<li><em>Ipak ona Picassova, a njemu jako draga: Slikar je pri\u010du tek zapo\u010deo, neka obojena pri\u010da jo\u0161 dugo potraje.<\/em><\/li>\n<li><em>Profesor, \u017eiva legenda!<\/em><\/li>\n<li><em>Profesor Radak, \u017eivi kao slikar, di\u0161e kroz boje i slobodu i ka\u017ee: Nikome niste du\u017eni ni\u0161ta.<\/em><\/li>\n<li><em>Imamo sre\u0107u da nas vodi profesor Radak, koji nas je uporno u\u010dio vladati kistom i bojom te prenio svoju ljubav prema slikarstvu na nas, hvala mu!\u00a0<\/em><\/li>\n<\/ul>\n[\/vc_column_text][\/vc_column][\/vc_row][vc_row type=&#8221;in_container&#8221; full_screen_row_position=&#8221;middle&#8221; column_margin=&#8221;default&#8221; column_direction=&#8221;default&#8221; column_direction_tablet=&#8221;default&#8221; column_direction_phone=&#8221;default&#8221; scene_position=&#8221;center&#8221; text_color=&#8221;dark&#8221; text_align=&#8221;left&#8221; row_border_radius=&#8221;none&#8221; row_border_radius_applies=&#8221;bg&#8221; overflow=&#8221;visible&#8221; overlay_strength=&#8221;0.3&#8243; gradient_direction=&#8221;left_to_right&#8221; shape_divider_position=&#8221;bottom&#8221; bg_image_animation=&#8221;none&#8221; shape_type=&#8221;&#8221; gradient_type=&#8221;default&#8221;][vc_column column_padding=&#8221;no-extra-padding&#8221; column_padding_tablet=&#8221;inherit&#8221; column_padding_phone=&#8221;inherit&#8221; column_padding_position=&#8221;all&#8221; column_element_direction_desktop=&#8221;default&#8221; column_element_spacing=&#8221;default&#8221; desktop_text_alignment=&#8221;default&#8221; tablet_text_alignment=&#8221;default&#8221; phone_text_alignment=&#8221;default&#8221; background_color_opacity=&#8221;1&#8243; background_hover_color_opacity=&#8221;1&#8243; column_backdrop_filter=&#8221;none&#8221; column_shadow=&#8221;none&#8221; column_border_radius=&#8221;none&#8221; column_link_target=&#8221;_self&#8221; column_position=&#8221;default&#8221; gradient_direction=&#8221;left_to_right&#8221; overlay_strength=&#8221;0.3&#8243; width=&#8221;1\/1&#8243; tablet_width_inherit=&#8221;default&#8221; animation_type=&#8221;default&#8221; bg_image_animation=&#8221;none&#8221; border_type=&#8221;simple&#8221; column_border_width=&#8221;none&#8221; column_border_style=&#8221;solid&#8221;][toggles style=&#8221;minimal&#8221;][toggle color=&#8221;Default&#8221; heading_tag=&#8221;default&#8221; heading_tag_functionality=&#8221;default&#8221; title=&#8221;BIOGRAFIJA&#8221;][vc_column_text]Akademski slikar <strong>Frane Radak<\/strong> odavno je prisutan u likovnom \u017eivotu, ro\u0111en je 1935. godine nedaleko \u0160ibenika, a u Zagrebu je zavr\u0161io \u0161kolu Primijenjene umjetnosti te diplomirao na Akademiji likovnih umjetnosti u klasi prof. Postru\u017enika, aktivno sudjeluju\u0107i u javnosti svojim slikarskim opusom i brojnim samostalnim izlo\u017ebama.<\/p>\n<p>Predstavlja nam se odabranim djelima, dvanaest ulja i akrila na platnu i kartonu te pastelu. Samo jedno djelo potje\u010de iz ranijih vremena, iz osamdesetih godina pro\u0161log stolje\u0107a dok su ostali radovi nastali u neposredno proteklom vremenu. Radovi, osciliraju\u0107i izme\u0111u figurativnosti i apstrakcije pokazuju vitalnost umjetnika i njegovu \u017eelju za neprekidnim poigravanjem i osloba\u0111anjem motiva na slikarskom platnu.<\/p>\n<p>Njegovi su tipi\u010dni motivi posve svakodnevni, od cvije\u0107a, maslina, krovova pa sve do aktova. Oni svjedo\u010de o \u017eivotu, o ljepoti i prolaznosti, o pro\u0161losti i sada\u0161njosti, o sje\u0107anjima i zami\u0161ljanjima.[\/vc_column_text][\/toggle][\/toggles][\/vc_column][\/vc_row][vc_row type=&#8221;in_container&#8221; full_screen_row_position=&#8221;middle&#8221; column_margin=&#8221;default&#8221; column_direction=&#8221;default&#8221; column_direction_tablet=&#8221;default&#8221; column_direction_phone=&#8221;default&#8221; scene_position=&#8221;center&#8221; text_color=&#8221;dark&#8221; text_align=&#8221;left&#8221; row_border_radius=&#8221;none&#8221; row_border_radius_applies=&#8221;bg&#8221; overflow=&#8221;visible&#8221; disable_element=&#8221;yes&#8221; overlay_strength=&#8221;0.3&#8243; gradient_direction=&#8221;left_to_right&#8221; shape_divider_position=&#8221;bottom&#8221; bg_image_animation=&#8221;none&#8221; gradient_type=&#8221;default&#8221; shape_type=&#8221;&#8221;][vc_column column_padding=&#8221;no-extra-padding&#8221; column_padding_tablet=&#8221;inherit&#8221; column_padding_phone=&#8221;inherit&#8221; column_padding_position=&#8221;all&#8221; column_element_direction_desktop=&#8221;default&#8221; column_element_spacing=&#8221;default&#8221; desktop_text_alignment=&#8221;default&#8221; tablet_text_alignment=&#8221;default&#8221; phone_text_alignment=&#8221;default&#8221; background_color_opacity=&#8221;1&#8243; background_hover_color_opacity=&#8221;1&#8243; column_backdrop_filter=&#8221;none&#8221; column_shadow=&#8221;none&#8221; column_border_radius=&#8221;none&#8221; column_link_target=&#8221;_self&#8221; column_position=&#8221;default&#8221; gradient_direction=&#8221;left_to_right&#8221; overlay_strength=&#8221;0.3&#8243; width=&#8221;1\/1&#8243; tablet_width_inherit=&#8221;default&#8221; animation_type=&#8221;default&#8221; bg_image_animation=&#8221;none&#8221; border_type=&#8221;simple&#8221; column_border_width=&#8221;none&#8221; column_border_style=&#8221;solid&#8221;][vc_column_text]<a href=\"https:\/\/www.knap.hr\/centar\/wp-content\/uploads\/2024\/05\/PROGRAM-SATNICA.pdf\" class=\"pdfemb-viewer\" style=\"\" data-width=\"max\" data-height=\"max\" data-toolbar=\"bottom\" data-toolbar-fixed=\"on\">CRTA ZA BESKRAJ -PROGRAM<\/a>[\/vc_column_text][\/vc_column][\/vc_row][vc_row type=&#8221;in_container&#8221; full_screen_row_position=&#8221;middle&#8221; column_margin=&#8221;default&#8221; column_direction=&#8221;default&#8221; column_direction_tablet=&#8221;default&#8221; column_direction_phone=&#8221;default&#8221; scene_position=&#8221;center&#8221; top_margin=&#8221;2%&#8221; bottom_margin=&#8221;5%&#8221; text_color=&#8221;dark&#8221; text_align=&#8221;left&#8221; row_border_radius=&#8221;none&#8221; row_border_radius_applies=&#8221;bg&#8221; overflow=&#8221;visible&#8221; overlay_strength=&#8221;0.3&#8243; gradient_direction=&#8221;left_to_right&#8221; shape_divider_position=&#8221;bottom&#8221; bg_image_animation=&#8221;none&#8221; gradient_type=&#8221;default&#8221; shape_type=&#8221;&#8221;][vc_column column_padding=&#8221;no-extra-padding&#8221; column_padding_tablet=&#8221;inherit&#8221; column_padding_phone=&#8221;inherit&#8221; column_padding_position=&#8221;all&#8221; column_element_direction_desktop=&#8221;default&#8221; column_element_spacing=&#8221;default&#8221; desktop_text_alignment=&#8221;default&#8221; tablet_text_alignment=&#8221;default&#8221; phone_text_alignment=&#8221;default&#8221; background_color_opacity=&#8221;1&#8243; background_hover_color_opacity=&#8221;1&#8243; column_backdrop_filter=&#8221;none&#8221; column_shadow=&#8221;none&#8221; column_border_radius=&#8221;none&#8221; column_link_target=&#8221;_self&#8221; column_position=&#8221;default&#8221; gradient_direction=&#8221;left_to_right&#8221; overlay_strength=&#8221;0.3&#8243; width=&#8221;1\/1&#8243; tablet_width_inherit=&#8221;default&#8221; animation_type=&#8221;default&#8221; bg_image_animation=&#8221;none&#8221; border_type=&#8221;simple&#8221; column_border_width=&#8221;none&#8221; column_border_style=&#8221;solid&#8221;][nectar_btn size=&#8221;large&#8221; open_new_tab=&#8221;true&#8221; button_style=&#8221;regular&#8221; button_color_2=&#8221;Accent-Color&#8221; icon_family=&#8221;none&#8221; text=&#8221;Knji\u017eica (PDF)&#8221; url=&#8221;https:\/\/www.knap.hr\/centar\/wp-content\/uploads\/2024\/06\/Frane-Radak-Jedna-mala-retrospektiva-12.6.-20.6.2024.pdf&#8221;][\/vc_column][\/vc_row][vc_row type=&#8221;in_container&#8221; full_screen_row_position=&#8221;middle&#8221; column_margin=&#8221;default&#8221; column_direction=&#8221;default&#8221; column_direction_tablet=&#8221;default&#8221; column_direction_phone=&#8221;default&#8221; scene_position=&#8221;center&#8221; text_color=&#8221;dark&#8221; text_align=&#8221;left&#8221; row_border_radius=&#8221;none&#8221; row_border_radius_applies=&#8221;bg&#8221; overflow=&#8221;visible&#8221; disable_element=&#8221;yes&#8221; overlay_strength=&#8221;0.3&#8243; gradient_direction=&#8221;left_to_right&#8221; shape_divider_position=&#8221;bottom&#8221; bg_image_animation=&#8221;none&#8221; gradient_type=&#8221;default&#8221; shape_type=&#8221;&#8221;][vc_column column_padding=&#8221;no-extra-padding&#8221; column_padding_tablet=&#8221;inherit&#8221; column_padding_phone=&#8221;inherit&#8221; column_padding_position=&#8221;all&#8221; column_element_direction_desktop=&#8221;default&#8221; column_element_spacing=&#8221;default&#8221; desktop_text_alignment=&#8221;default&#8221; tablet_text_alignment=&#8221;default&#8221; phone_text_alignment=&#8221;default&#8221; background_color_opacity=&#8221;1&#8243; background_hover_color_opacity=&#8221;1&#8243; column_backdrop_filter=&#8221;none&#8221; column_shadow=&#8221;none&#8221; column_border_radius=&#8221;none&#8221; column_link_target=&#8221;_self&#8221; column_position=&#8221;default&#8221; gradient_direction=&#8221;left_to_right&#8221; overlay_strength=&#8221;0.3&#8243; width=&#8221;1\/1&#8243; tablet_width_inherit=&#8221;default&#8221; animation_type=&#8221;default&#8221; bg_image_animation=&#8221;none&#8221; border_type=&#8221;simple&#8221; column_border_width=&#8221;none&#8221; column_border_style=&#8221;solid&#8221;][vc_video link=&#8221;https:\/\/www.youtube.com\/watch?v=2ACcNW9gcTE&amp;feature=youtu.be&#8221;][\/vc_column][\/vc_row][vc_row type=&#8221;full_width_content&#8221; full_screen_row_position=&#8221;middle&#8221; column_margin=&#8221;default&#8221; column_direction=&#8221;default&#8221; column_direction_tablet=&#8221;default&#8221; column_direction_phone=&#8221;default&#8221; scene_position=&#8221;center&#8221; top_padding=&#8221;4%&#8221; translate_y=&#8221;-80&#8243; text_color=&#8221;dark&#8221; text_align=&#8221;left&#8221; row_border_radius=&#8221;none&#8221; row_border_radius_applies=&#8221;bg&#8221; overflow=&#8221;visible&#8221; overlay_strength=&#8221;0.3&#8243; gradient_direction=&#8221;left_to_right&#8221; shape_divider_position=&#8221;bottom&#8221; bg_image_animation=&#8221;none&#8221; shape_type=&#8221;&#8221; gradient_type=&#8221;default&#8221;][vc_column column_padding=&#8221;no-extra-padding&#8221; column_padding_tablet=&#8221;inherit&#8221; column_padding_phone=&#8221;inherit&#8221; column_padding_position=&#8221;all&#8221; column_element_direction_desktop=&#8221;default&#8221; column_element_spacing=&#8221;default&#8221; desktop_text_alignment=&#8221;default&#8221; tablet_text_alignment=&#8221;default&#8221; phone_text_alignment=&#8221;default&#8221; background_color_opacity=&#8221;1&#8243; background_hover_color_opacity=&#8221;1&#8243; column_backdrop_filter=&#8221;none&#8221; column_shadow=&#8221;none&#8221; column_border_radius=&#8221;none&#8221; column_link_target=&#8221;_self&#8221; column_position=&#8221;default&#8221; gradient_direction=&#8221;left_to_right&#8221; overlay_strength=&#8221;0.3&#8243; width=&#8221;1\/1&#8243; tablet_width_inherit=&#8221;default&#8221; animation_type=&#8221;default&#8221; bg_image_animation=&#8221;none&#8221; border_type=&#8221;simple&#8221; column_border_width=&#8221;none&#8221; column_border_style=&#8221;solid&#8221;][vc_gallery type=&#8221;flickity_static_height_style&#8221; images=&#8221;11058,11059,11060,11061,11062,11063,11064,11065,11066&#8243; flickity_spacing=&#8221;default&#8221; flickity_controls=&#8221;pagination&#8221; flickity_overflow=&#8221;hidden&#8221; flickity_wrap_around=&#8221;wrap&#8221; flickity_autoplay=&#8221;true&#8221; flickity_box_shadow=&#8221;none&#8221; image_loading=&#8221;default&#8221; onclick=&#8221;link_image&#8221; img_size=&#8221;full&#8221;][\/vc_column][\/vc_row]\n","protected":false},"excerpt":{"rendered":"<p>[vc_row type=&#8221;in_container&#8221; full_screen_row_position=&#8221;middle&#8221; column_margin=&#8221;default&#8221; column_direction=&#8221;default&#8221; column_direction_tablet=&#8221;default&#8221; column_direction_phone=&#8221;default&#8221; scene_position=&#8221;center&#8221; text_color=&#8221;dark&#8221; text_align=&#8221;left&#8221; row_border_radius=&#8221;none&#8221; row_border_radius_applies=&#8221;bg&#8221; overflow=&#8221;visible&#8221; overlay_strength=&#8221;0.3&#8243; gradient_direction=&#8221;left_to_right&#8221;&#8230;<\/p>\n","protected":false},"author":1,"featured_media":11041,"comment_status":"closed","ping_status":"closed","sticky":false,"template":"","format":"standard","meta":{"footnotes":""},"categories":[46],"tags":[],"class_list":{"0":"post-11040","1":"post","2":"type-post","3":"status-publish","4":"format-standard","5":"has-post-thumbnail","7":"category-izlozbe"},"_links":{"self":[{"href":"https:\/\/www.knap.hr\/centar\/wp-json\/wp\/v2\/posts\/11040","targetHints":{"allow":["GET"]}}],"collection":[{"href":"https:\/\/www.knap.hr\/centar\/wp-json\/wp\/v2\/posts"}],"about":[{"href":"https:\/\/www.knap.hr\/centar\/wp-json\/wp\/v2\/types\/post"}],"author":[{"embeddable":true,"href":"https:\/\/www.knap.hr\/centar\/wp-json\/wp\/v2\/users\/1"}],"replies":[{"embeddable":true,"href":"https:\/\/www.knap.hr\/centar\/wp-json\/wp\/v2\/comments?post=11040"}],"version-history":[{"count":8,"href":"https:\/\/www.knap.hr\/centar\/wp-json\/wp\/v2\/posts\/11040\/revisions"}],"predecessor-version":[{"id":11068,"href":"https:\/\/www.knap.hr\/centar\/wp-json\/wp\/v2\/posts\/11040\/revisions\/11068"}],"wp:featuredmedia":[{"embeddable":true,"href":"https:\/\/www.knap.hr\/centar\/wp-json\/wp\/v2\/media\/11041"}],"wp:attachment":[{"href":"https:\/\/www.knap.hr\/centar\/wp-json\/wp\/v2\/media?parent=11040"}],"wp:term":[{"taxonomy":"category","embeddable":true,"href":"https:\/\/www.knap.hr\/centar\/wp-json\/wp\/v2\/categories?post=11040"},{"taxonomy":"post_tag","embeddable":true,"href":"https:\/\/www.knap.hr\/centar\/wp-json\/wp\/v2\/tags?post=11040"}],"curies":[{"name":"wp","href":"https:\/\/api.w.org\/{rel}","templated":true}]}}