{"id":10937,"date":"2024-05-19T14:01:51","date_gmt":"2024-05-19T12:01:51","guid":{"rendered":"https:\/\/www.knap.hr\/centar\/?p=10937"},"modified":"2024-05-22T11:59:52","modified_gmt":"2024-05-22T09:59:52","slug":"program-u-sklopu-obiljezavanja-dana-grada-zagreba-2024-godine-mali-princ-u-zagrebu","status":"publish","type":"post","link":"https:\/\/www.knap.hr\/centar\/program-u-sklopu-obiljezavanja-dana-grada-zagreba-2024-godine-mali-princ-u-zagrebu\/","title":{"rendered":"Program u sklopu obilje\u017eavanja Dana Grada Zagreba 2024. godine \u2013 Mali princ u Zagrebu"},"content":{"rendered":"[vc_row type=&#8221;in_container&#8221; full_screen_row_position=&#8221;middle&#8221; column_margin=&#8221;default&#8221; column_direction=&#8221;default&#8221; column_direction_tablet=&#8221;default&#8221; column_direction_phone=&#8221;default&#8221; scene_position=&#8221;center&#8221; text_color=&#8221;dark&#8221; text_align=&#8221;left&#8221; row_border_radius=&#8221;none&#8221; row_border_radius_applies=&#8221;bg&#8221; overflow=&#8221;visible&#8221; overlay_strength=&#8221;0.3&#8243; gradient_direction=&#8221;left_to_right&#8221; shape_divider_position=&#8221;bottom&#8221; bg_image_animation=&#8221;none&#8221;][vc_column column_padding=&#8221;no-extra-padding&#8221; column_padding_tablet=&#8221;inherit&#8221; column_padding_phone=&#8221;inherit&#8221; column_padding_position=&#8221;all&#8221; column_element_direction_desktop=&#8221;default&#8221; column_element_spacing=&#8221;default&#8221; desktop_text_alignment=&#8221;default&#8221; tablet_text_alignment=&#8221;default&#8221; phone_text_alignment=&#8221;default&#8221; background_color_opacity=&#8221;1&#8243; background_hover_color_opacity=&#8221;1&#8243; column_backdrop_filter=&#8221;none&#8221; column_shadow=&#8221;none&#8221; column_border_radius=&#8221;none&#8221; column_link_target=&#8221;_self&#8221; column_position=&#8221;default&#8221; gradient_direction=&#8221;left_to_right&#8221; overlay_strength=&#8221;0.3&#8243; width=&#8221;1\/1&#8243; tablet_width_inherit=&#8221;default&#8221; animation_type=&#8221;default&#8221; bg_image_animation=&#8221;none&#8221; border_type=&#8221;simple&#8221; column_border_width=&#8221;none&#8221; column_border_style=&#8221;solid&#8221;][vc_column_text css=&#8221;.vc_custom_1716371991039{margin-top: 15px !important;}&#8221;]Prigodom obilje\u017eavanja Dana Grada Zagreba ove godine, kroz program, naglasak je stavljen na jednu neobi\u010dnu, ali simpati\u010dnu pojavu u Zagrebu, mo\u017eda ne toliko znanu stanovnicima grada. <strong>Mali princ u Zagrebu<\/strong>, preciznije u gradskoj \u010detvrti Pe\u0161\u010denica \u2013 \u017ditnjak, djelo je kiparice Nade Orel, koja je sredinom 80-ih godina pro\u0161log stolje\u0107a uprostorila pri\u010du o Malom princu kroz skulpturalno ure\u0111enje zelene povr\u0161ine na koju je gledala s prozora svojeg stana.<\/p>\n<p>Program zapo\u010dinje <strong>likovnom radionicom za djecu<\/strong> pod nazivom <strong><em>Mali princ u posjeti na\u0161em planetu<\/em><\/strong>, kojom se \u017eeli najmla\u0111e kroz kreativan pristup uvesti u svijet prin\u010devih pustolovina. Na radionici, djeca \u0107e dobiti priliku upoznati se s razli\u010ditim likovima iz <em>Malog princa<\/em>, zamisliti im izgled prema njihovoj ma\u0161ti te ih smjestiti na sliku planeta Zemlje, simboliziraju\u0107i tako dolazak likova s njihovih asteroida na Zemlju.<\/p>\n<p><strong>Izlo\u017ebom Mali princ u Zagrebu<\/strong> namjera je ukazati na zna\u010daj parka u Ulici Vladimira Vidri\u0107a, kao jednog od doprinosa <strong>ure\u0111enju urbanog prostora u malom mjerilu gradske \u010detvrti<\/strong>. Izlo\u017eba donosi pregled povijesti ure\u0111enja \u2013 od ideje do realizacije, arhivske materijale te vizualnu dokumentaciju dana\u0161njeg stanja parka. Osim kroz njegovu fizi\u010dku dimenziju, parku se pristupa i kroz simboli\u010dku razinu koja uklju\u010duje povezanost ljudi s prostorom, donose\u0107i tako neizostavnu perspektivu stanovnika, njihove uspomene, osje\u0107aje i razmi\u0161ljanja vezana uz trenutno stanje parka Malog Princa i potrebama za daljnjim ulaganjem u njega.<\/p>\n<p>S obzirom na va\u017enost javnih prostora, posebice zelenih ure\u0111enih povr\u0161ina i parkova, koji utje\u010du na kvalitetu i dobrobit stanovnika u gradovima, organizirana je <strong>edukativna radionica za gra\u0111ane o javnim prostorima<\/strong>, u obliku <strong>\u0161etnje <\/strong>od Centra KNAP do parka Malog princa. Fokus \u0161etnje je na promatranju razli\u010ditih tipova javnih prostora (zelene povr\u0161ine, trg, ulice) putem alata razvijenog u sklopu Gehl Instituta i danskog arhitekta Jana Gehla koji omogu\u0107ava procjenu kvalitete javnog prostora od strane korisnika prema odre\u0111enim kriterijima. Time se \u017eeli pru\u017eiti uvid u jedan od alata koji poti\u010de participaciju u planiranju i oblikovanju javnog prostora te potaknuti gra\u0111ane na aktivnije promi\u0161ljanje o prostoru koji ih svakodnevno okru\u017euje. \u0160etnju zavr\u0161avamo u parku Malog princa, gdje \u0107e sudionici i sami imati priliku uklju\u010diti se i sudjelovati u <strong>performansu <\/strong>koji ima za cilj istra\u017eiti odnose i zakonitosti dru\u0161tvene dinamike. Sudionici postaju jedan subjekt u neprekidnom odnosu i promjeni, tra\u017ee\u0107i strategije djelovanja i zajedni\u010dko rje\u0161enje. Poput susreta razli\u010ditih likova u knjizi Mali princ, ovaj performans alegorija je stereotipa suvremenog dru\u0161tva, <strong>preispitivanje ljudskog karaktera \u2013 empatije, ega,<\/strong> te demonstracija puta prema zajedni\u0161tvu i djelovanju koje ima za cilj stvoriti stvara zajednicu u fizi\u010dkom prostoru.<\/p>\n<p>&nbsp;<\/p>\n<p><strong>Vi\u0161e o programu: <\/strong><\/p>\n<p>25.5. \/ 10:30h \u2013 12:00h \/ LIKOVNA RADIONICA ZA DJECU \u201eMali princ u posjeti na\u0161em planetu\u201c \/ Centar KNAP<\/p>\n<p><strong>Radionica je namijenjena djeci od 8 godina. Prijave za radionicu na: <\/strong><a href=\"mailto:centar@knap.hr\"><strong>centar@knap.hr<\/strong><\/a><br \/>\n<strong>Voditeljica radionice<\/strong>: Jurana Linari\u0107 Mihali\u0107, mag. art. Diplomirala na Nastavni\u010dkom odjelu Akademije Likovnih umjetnosti u Zagrebu. Radi kao u\u010diteljica Likovne kulture u O\u0160 Petra Zrinskog. Dugogodi\u0161nja je suradnica Centra KNAP pri likovnim radionicama za djecu i mlade\u017e. Bavi se grafi\u010dkim dizajnom, keramikom i autorica je niza ud\u017ebenika Likovne kulture.<\/p>\n<p>27.5 \/ 19h \/ OTVORENJE IZLO\u017dBE \u201eMali princ u Zagrebu\u201c \/ Galerija Doga\u0111anja<\/p>\n<p>28.5. \/ 18h \/ EDUKATIVNA RADIONICA \u2013 \u0160etnja i performans \/ Centar KNAP \u2013 Park Malog princa (Ulica Vladimira Vidri\u0107a)<\/p>\n<p><strong>Prijave za radionicu na: <\/strong><a href=\"mailto:centar@knap.hr\"><strong>centar@knap.hr<\/strong><\/a><\/p>\n<p><strong>Voditeljica edukativne radionice: <\/strong>Ana-Marija Senfner, povjesni\u010darka umjetnosti i sociologinja, zaposlenica Centra KNAP<\/p>\n<p><strong>Autor performansa: <\/strong>Leonardo Losciale, zavr\u0161io je glazbenu akademiju, studirao je i radio u nekoliko europskih zemalja, a trenutno radi kao principal timpanist u Zagreba\u010dkoj filharmoniji. 2018. godine upisuje Akademiju likovnih umjetnosti u Zagrebu, smjer kiparstvo, gdje je na diplomskom studiju. Izlagao je na raznim izlo\u017ebama me\u0111u kojima Salon Mladih 2022. i Trijenale hrvatskog kiparstva 2022. Sudjelovao je na me\u0111unarodnoj kiparskoj \u0161koli Brtonigla (Istra), gdje je postavio prvu javnu kamenu skulpturu te javnu drven skulpturu koje su dio projekta \u201cSvijetle pruge\u201c: park drvenih skulptura velikog formata. Jedan je od osniva\u010da Galerije \u201eRupa\u201c na Akademiji likovnih umjetnosti u Zagrebu.<\/p>\n<p><strong>Ulaz na sve programe je slobodan.<\/strong>[\/vc_column_text][divider line_type=&#8221;No Line&#8221; custom_height=&#8221;30&#8243;][image_with_animation image_url=&#8221;10940&#8243; image_size=&#8221;full&#8221; animation_type=&#8221;entrance&#8221; animation=&#8221;Fade In&#8221; animation_easing=&#8221;default&#8221; animation_movement_type=&#8221;transform_y&#8221; hover_animation=&#8221;none&#8221; alignment=&#8221;&#8221; img_link_large=&#8221;yes&#8221; border_radius=&#8221;none&#8221; box_shadow=&#8221;none&#8221; image_loading=&#8221;default&#8221; max_width=&#8221;100%&#8221; max_width_mobile=&#8221;default&#8221;][\/vc_column][\/vc_row]\n","protected":false},"excerpt":{"rendered":"<p>[vc_row type=&#8221;in_container&#8221; full_screen_row_position=&#8221;middle&#8221; column_margin=&#8221;default&#8221; column_direction=&#8221;default&#8221; column_direction_tablet=&#8221;default&#8221; column_direction_phone=&#8221;default&#8221; scene_position=&#8221;center&#8221; text_color=&#8221;dark&#8221; text_align=&#8221;left&#8221; row_border_radius=&#8221;none&#8221; row_border_radius_applies=&#8221;bg&#8221; overflow=&#8221;visible&#8221; overlay_strength=&#8221;0.3&#8243; gradient_direction=&#8221;left_to_right&#8221;&#8230;<\/p>\n","protected":false},"author":1,"featured_media":10938,"comment_status":"closed","ping_status":"closed","sticky":false,"template":"","format":"standard","meta":{"footnotes":""},"categories":[45],"tags":[],"class_list":{"0":"post-10937","1":"post","2":"type-post","3":"status-publish","4":"format-standard","5":"has-post-thumbnail","7":"category-novosti-rubrika"},"_links":{"self":[{"href":"https:\/\/www.knap.hr\/centar\/wp-json\/wp\/v2\/posts\/10937","targetHints":{"allow":["GET"]}}],"collection":[{"href":"https:\/\/www.knap.hr\/centar\/wp-json\/wp\/v2\/posts"}],"about":[{"href":"https:\/\/www.knap.hr\/centar\/wp-json\/wp\/v2\/types\/post"}],"author":[{"embeddable":true,"href":"https:\/\/www.knap.hr\/centar\/wp-json\/wp\/v2\/users\/1"}],"replies":[{"embeddable":true,"href":"https:\/\/www.knap.hr\/centar\/wp-json\/wp\/v2\/comments?post=10937"}],"version-history":[{"count":4,"href":"https:\/\/www.knap.hr\/centar\/wp-json\/wp\/v2\/posts\/10937\/revisions"}],"predecessor-version":[{"id":10976,"href":"https:\/\/www.knap.hr\/centar\/wp-json\/wp\/v2\/posts\/10937\/revisions\/10976"}],"wp:featuredmedia":[{"embeddable":true,"href":"https:\/\/www.knap.hr\/centar\/wp-json\/wp\/v2\/media\/10938"}],"wp:attachment":[{"href":"https:\/\/www.knap.hr\/centar\/wp-json\/wp\/v2\/media?parent=10937"}],"wp:term":[{"taxonomy":"category","embeddable":true,"href":"https:\/\/www.knap.hr\/centar\/wp-json\/wp\/v2\/categories?post=10937"},{"taxonomy":"post_tag","embeddable":true,"href":"https:\/\/www.knap.hr\/centar\/wp-json\/wp\/v2\/tags?post=10937"}],"curies":[{"name":"wp","href":"https:\/\/api.w.org\/{rel}","templated":true}]}}